{"id":39589,"date":"2023-10-14T09:29:56","date_gmt":"2023-10-14T07:29:56","guid":{"rendered":"https:\/\/gereonskeukenthuis.nl\/blog\/?p=39589"},"modified":"2024-12-10T10:57:48","modified_gmt":"2024-12-10T09:57:48","slug":"gereons-mag-de-herfsteditie-2023","status":"publish","type":"post","link":"https:\/\/gereonskeukenthuis.nl\/blog\/gereons-mag-de-herfsteditie-2023\/","title":{"rendered":"Gereons Mag, de herfsteditie 2023."},"content":{"rendered":"\n<figure class=\"wp-block-image size-large\"><a href=\"https:\/\/i0.wp.com\/gereonskeukenthuis.nl\/blog\/wp-content\/uploads\/2023\/10\/001-35-scaled.jpg?ssl=1\"><img data-recalc-dims=\"1\" loading=\"lazy\" decoding=\"async\" width=\"525\" height=\"346\" data-attachment-id=\"39590\" data-permalink=\"https:\/\/gereonskeukenthuis.nl\/blog\/gereons-mag-de-herfsteditie-2023\/001-35\/\" data-orig-file=\"https:\/\/i0.wp.com\/gereonskeukenthuis.nl\/blog\/wp-content\/uploads\/2023\/10\/001-35-scaled.jpg?fit=2560%2C1687&amp;ssl=1\" data-orig-size=\"2560,1687\" data-comments-opened=\"1\" data-image-meta=\"{&quot;aperture&quot;:&quot;0&quot;,&quot;credit&quot;:&quot;&quot;,&quot;camera&quot;:&quot;&quot;,&quot;caption&quot;:&quot;&quot;,&quot;created_timestamp&quot;:&quot;0&quot;,&quot;copyright&quot;:&quot;&quot;,&quot;focal_length&quot;:&quot;0&quot;,&quot;iso&quot;:&quot;0&quot;,&quot;shutter_speed&quot;:&quot;0&quot;,&quot;title&quot;:&quot;&quot;,&quot;orientation&quot;:&quot;0&quot;}\" data-image-title=\"001-35\" data-image-description=\"\" data-image-caption=\"\" data-large-file=\"https:\/\/i0.wp.com\/gereonskeukenthuis.nl\/blog\/wp-content\/uploads\/2023\/10\/001-35-scaled.jpg?fit=525%2C346&amp;ssl=1\" src=\"https:\/\/i0.wp.com\/gereonskeukenthuis.nl\/blog\/wp-content\/uploads\/2023\/10\/001-35-1024x675.jpg?resize=525%2C346&#038;ssl=1\" alt=\"\" class=\"wp-image-39590\" srcset=\"https:\/\/i0.wp.com\/gereonskeukenthuis.nl\/blog\/wp-content\/uploads\/2023\/10\/001-35-scaled.jpg?resize=1024%2C675&amp;ssl=1 1024w, https:\/\/i0.wp.com\/gereonskeukenthuis.nl\/blog\/wp-content\/uploads\/2023\/10\/001-35-scaled.jpg?resize=300%2C198&amp;ssl=1 300w, https:\/\/i0.wp.com\/gereonskeukenthuis.nl\/blog\/wp-content\/uploads\/2023\/10\/001-35-scaled.jpg?resize=768%2C506&amp;ssl=1 768w, https:\/\/i0.wp.com\/gereonskeukenthuis.nl\/blog\/wp-content\/uploads\/2023\/10\/001-35-scaled.jpg?resize=1536%2C1012&amp;ssl=1 1536w, https:\/\/i0.wp.com\/gereonskeukenthuis.nl\/blog\/wp-content\/uploads\/2023\/10\/001-35-scaled.jpg?resize=2048%2C1350&amp;ssl=1 2048w\" sizes=\"auto, (max-width: 767px) 89vw, (max-width: 1000px) 54vw, (max-width: 1071px) 543px, 580px\" \/><\/a><figcaption class=\"wp-element-caption\">foto: zonnig Montpellier.<\/figcaption><\/figure>\n\n\n\n<p><strong>Gereons Mag, de herfsteditie 2023. <\/strong>Het is herfst en er staat veel op de rol op GKT, die nu nog in Occitaanse sferen verkeert. Midden tussen de wijngaarden van de Languedoc, las GKT de wijnverhalen van Onno Kleyn. Ik verheug me al op de nieuwe tentoonstelling in het Van Gogh Museum. Wat is Frankrijk zonder een ap\u00e9ro,? Voor deze editie van Gereons Mag ging ik aan de slag met hapjes voor je uitgebreide borrel. Herfst in de Corbi\u00e8res met een recept voor varkenswangen van chef Gilles Goujon. Roberto\u2019s in het Amsterdamse Hilton viert zijn dertigste verjaardag met leuke activiteiten najaar. Een eyecatcher was een boek over duurzamer omgaan met je resources. Iets wat je veel ziet hier in de dorpen op het Franse platteland. Overal zie voor huizen en in schuren rommel, die nog altijd van pas kan komen. GKT vind dat wel inspirerend. Want als ik de berg zie, die hier dagelijks de deur verlaat als vuilnis. Eke Mari\u00ebn en Annemieke Coopmans maakten een mooi nieuw boek Van aardappel tot zeewier, over de kunst van plantaardig koken. De foodybox  van Kroon op het Werk arriveerde, zij het een dagje later.  Deze editie van Gereons Mag sluit af met en gejodeerd Bretons recept uit het nieuwe boek van Anouck en Joris Delanghe, de uitbaters van B&amp;B la maison blanche aux volets bleus.<\/p>\n\n\n\n<figure class=\"wp-block-image size-full\"><a href=\"https:\/\/i0.wp.com\/gereonskeukenthuis.nl\/blog\/wp-content\/uploads\/2023\/10\/unnamed.jpg?ssl=1\"><img data-recalc-dims=\"1\" loading=\"lazy\" decoding=\"async\" width=\"525\" height=\"412\" data-attachment-id=\"39591\" data-permalink=\"https:\/\/gereonskeukenthuis.nl\/blog\/gereons-mag-de-herfsteditie-2023\/unnamed-4\/\" data-orig-file=\"https:\/\/i0.wp.com\/gereonskeukenthuis.nl\/blog\/wp-content\/uploads\/2023\/10\/unnamed.jpg?fit=600%2C471&amp;ssl=1\" data-orig-size=\"600,471\" data-comments-opened=\"1\" data-image-meta=\"{&quot;aperture&quot;:&quot;0&quot;,&quot;credit&quot;:&quot;&quot;,&quot;camera&quot;:&quot;&quot;,&quot;caption&quot;:&quot;&quot;,&quot;created_timestamp&quot;:&quot;0&quot;,&quot;copyright&quot;:&quot;&quot;,&quot;focal_length&quot;:&quot;0&quot;,&quot;iso&quot;:&quot;0&quot;,&quot;shutter_speed&quot;:&quot;0&quot;,&quot;title&quot;:&quot;&quot;,&quot;orientation&quot;:&quot;0&quot;}\" data-image-title=\"unnamed\" data-image-description=\"\" data-image-caption=\"\" data-large-file=\"https:\/\/i0.wp.com\/gereonskeukenthuis.nl\/blog\/wp-content\/uploads\/2023\/10\/unnamed.jpg?fit=525%2C412&amp;ssl=1\" src=\"https:\/\/i0.wp.com\/gereonskeukenthuis.nl\/blog\/wp-content\/uploads\/2023\/10\/unnamed.jpg?resize=525%2C412&#038;ssl=1\" alt=\"\" class=\"wp-image-39591\" srcset=\"https:\/\/i0.wp.com\/gereonskeukenthuis.nl\/blog\/wp-content\/uploads\/2023\/10\/unnamed.jpg?w=600&amp;ssl=1 600w, https:\/\/i0.wp.com\/gereonskeukenthuis.nl\/blog\/wp-content\/uploads\/2023\/10\/unnamed.jpg?resize=300%2C236&amp;ssl=1 300w\" sizes=\"auto, (max-width: 525px) 100vw, 525px\" \/><\/a><figcaption class=\"wp-element-caption\">foto: Van Gogh aan de Seine.<\/figcaption><\/figure>\n\n\n\n<p><strong>Van Gogh aan de Seine. <\/strong>Asni\u00e8res is een plaats net buiten Parijs aan de Seine. Tot ongeveer 1850 was het een idyllische groene voorstad waar de Parijzenaars graag hun vrije tijd doorbrachten. Dat veranderde in de tweede helft van de 19de eeuw door de industrialisatie. De omgeving van Asni\u00e8res veranderde. Het veranderende landschap en de goede bereikbaarheid per trein vanuit Parijs was een magneet voor vijf ambitieuze kunstenaars, Van Gogh, Seurat, Signac, Bernard en Angrand. Aan de oevers van de rivier schilderden zij de veranderende omgeving. Al doende ontwikkelden zij ook ook nieuwe kleur- en schildertechnieken. Asni\u00e8res werd een belangrijke factor voor de ontwikkeling van deze vijf kunstenaars.<\/p>\n\n\n\n<p>Het Van Gogh Museum in Amsterdam sluit het jubileumjaar af met de tentoonstelling Van Gogh aan de Seine. Een unieke tentoonstelling, die laat zien hoe Van Gogh en anderen hun artistiek ontwikkeling te danken hebben aan het gebied rondom Asni\u00e8res en de&nbsp; veranderende oevers van de Seine. De tentoonstelling wordt georganiseerd samen met The Art Institute of Chicago en is te zien van 13 oktober 2023 tot en met 14 januari 2024.<\/p>\n\n\n\n<p>Meer informatie en kaartjes vind je<a href=\"https:\/\/tickets.vangoghmuseum.nl\/\"> hier<\/a>.<\/p>\n\n\n\n<p><\/p>\n\n\n\n<figure class=\"wp-block-image size-full\"><a href=\"https:\/\/i0.wp.com\/gereonskeukenthuis.nl\/blog\/wp-content\/uploads\/2023\/10\/VATZ_COVER_VOORKANT_LOS_WTK-1.jpg?ssl=1\"><img data-recalc-dims=\"1\" loading=\"lazy\" decoding=\"async\" width=\"238\" height=\"336\" data-attachment-id=\"39592\" data-permalink=\"https:\/\/gereonskeukenthuis.nl\/blog\/gereons-mag-de-herfsteditie-2023\/vatz_cover_voorkant_los_wtk-1\/\" data-orig-file=\"https:\/\/i0.wp.com\/gereonskeukenthuis.nl\/blog\/wp-content\/uploads\/2023\/10\/VATZ_COVER_VOORKANT_LOS_WTK-1.jpg?fit=238%2C336&amp;ssl=1\" data-orig-size=\"238,336\" data-comments-opened=\"1\" data-image-meta=\"{&quot;aperture&quot;:&quot;0&quot;,&quot;credit&quot;:&quot;&quot;,&quot;camera&quot;:&quot;&quot;,&quot;caption&quot;:&quot;&quot;,&quot;created_timestamp&quot;:&quot;1696839462&quot;,&quot;copyright&quot;:&quot;&quot;,&quot;focal_length&quot;:&quot;0&quot;,&quot;iso&quot;:&quot;0&quot;,&quot;shutter_speed&quot;:&quot;0&quot;,&quot;title&quot;:&quot;&quot;,&quot;orientation&quot;:&quot;0&quot;}\" data-image-title=\"VATZ_COVER_VOORKANT_LOS_WTK-1\" data-image-description=\"\" data-image-caption=\"\" data-large-file=\"https:\/\/i0.wp.com\/gereonskeukenthuis.nl\/blog\/wp-content\/uploads\/2023\/10\/VATZ_COVER_VOORKANT_LOS_WTK-1.jpg?fit=238%2C336&amp;ssl=1\" src=\"https:\/\/i0.wp.com\/gereonskeukenthuis.nl\/blog\/wp-content\/uploads\/2023\/10\/VATZ_COVER_VOORKANT_LOS_WTK-1.jpg?resize=238%2C336&#038;ssl=1\" alt=\"\" class=\"wp-image-39592\" srcset=\"https:\/\/i0.wp.com\/gereonskeukenthuis.nl\/blog\/wp-content\/uploads\/2023\/10\/VATZ_COVER_VOORKANT_LOS_WTK-1.jpg?w=238&amp;ssl=1 238w, https:\/\/i0.wp.com\/gereonskeukenthuis.nl\/blog\/wp-content\/uploads\/2023\/10\/VATZ_COVER_VOORKANT_LOS_WTK-1.jpg?resize=213%2C300&amp;ssl=1 213w\" sizes=\"auto, (max-width: 238px) 100vw, 238px\" \/><\/a><figcaption class=\"wp-element-caption\">foto: cover van Aardappel tot Zeewier.<\/figcaption><\/figure>\n\n\n\n<p><strong>Van aardappel tot zeewier.<\/strong> <strong>Van aardappel tot zeewier.<\/strong>&nbsp;De kunst van lekker koken is schrijvers Annemarie Coopman en Eke Mari\u00ebn wel toevertrouwd. In hun <a href=\"https:\/\/www.hetkookkantoor.nl\/\">Kookkantoor<\/a> cre\u00ebren de (levens)partners lekkere gerechten en recepten, mooie boeken en andere foodcontent. Doel van de twee is maximale smaak uit de beste ingredi\u00ebnten te halen, door kennis van de juiste bereidingstechnieken. GKT volgde eens een vegan workshop van Eke, waarin hij liet zien, dat plantaardig koken helemaal geen laffe toestand is. Ook tijdens de presentatie van Het Keukenlab schuwde het Kookkantoor het experiment niet.&nbsp; <a href=\"https:\/\/gereonskeukenthuis.nl\/blog\/van-aardappel-tot-zeewier\/\">Lees meer.<\/a><\/p>\n\n\n\n<p><em>Van aardappel tot zeewier is een uitgave van Bertram + de Leeuw<\/em><\/p>\n\n\n<div class=\"wp-block-image\">\n<figure class=\"aligncenter size-large is-resized\"><a href=\"https:\/\/i0.wp.com\/gereonskeukenthuis.nl\/blog\/wp-content\/uploads\/2023\/10\/chez-paolo.jpg?ssl=1\"><img data-recalc-dims=\"1\" loading=\"lazy\" decoding=\"async\" width=\"525\" height=\"700\" data-attachment-id=\"39602\" data-permalink=\"https:\/\/gereonskeukenthuis.nl\/blog\/gereons-mag-de-herfsteditie-2023\/chez-paolo\/\" data-orig-file=\"https:\/\/i0.wp.com\/gereonskeukenthuis.nl\/blog\/wp-content\/uploads\/2023\/10\/chez-paolo.jpg?fit=1500%2C2000&amp;ssl=1\" data-orig-size=\"1500,2000\" data-comments-opened=\"1\" data-image-meta=\"{&quot;aperture&quot;:&quot;0&quot;,&quot;credit&quot;:&quot;&quot;,&quot;camera&quot;:&quot;&quot;,&quot;caption&quot;:&quot;&quot;,&quot;created_timestamp&quot;:&quot;0&quot;,&quot;copyright&quot;:&quot;&quot;,&quot;focal_length&quot;:&quot;0&quot;,&quot;iso&quot;:&quot;0&quot;,&quot;shutter_speed&quot;:&quot;0&quot;,&quot;title&quot;:&quot;&quot;,&quot;orientation&quot;:&quot;0&quot;}\" data-image-title=\"chez-paolo\" data-image-description=\"\" data-image-caption=\"\" data-large-file=\"https:\/\/i0.wp.com\/gereonskeukenthuis.nl\/blog\/wp-content\/uploads\/2023\/10\/chez-paolo.jpg?fit=525%2C700&amp;ssl=1\" src=\"https:\/\/i0.wp.com\/gereonskeukenthuis.nl\/blog\/wp-content\/uploads\/2023\/10\/chez-paolo-768x1024.jpg?resize=525%2C700&#038;ssl=1\" alt=\"\" class=\"wp-image-39602\" style=\"width:365px;height:487px\" srcset=\"https:\/\/i0.wp.com\/gereonskeukenthuis.nl\/blog\/wp-content\/uploads\/2023\/10\/chez-paolo.jpg?resize=768%2C1024&amp;ssl=1 768w, https:\/\/i0.wp.com\/gereonskeukenthuis.nl\/blog\/wp-content\/uploads\/2023\/10\/chez-paolo.jpg?resize=225%2C300&amp;ssl=1 225w, https:\/\/i0.wp.com\/gereonskeukenthuis.nl\/blog\/wp-content\/uploads\/2023\/10\/chez-paolo.jpg?resize=1152%2C1536&amp;ssl=1 1152w, https:\/\/i0.wp.com\/gereonskeukenthuis.nl\/blog\/wp-content\/uploads\/2023\/10\/chez-paolo.jpg?w=1500&amp;ssl=1 1500w, https:\/\/i0.wp.com\/gereonskeukenthuis.nl\/blog\/wp-content\/uploads\/2023\/10\/chez-paolo.jpg?w=1050 1050w\" sizes=\"auto, (max-width: 767px) 89vw, (max-width: 1000px) 54vw, (max-width: 1071px) 543px, 580px\" \/><\/a><figcaption class=\"wp-element-caption\">foto: Paolo&#8217;s place.<\/figcaption><\/figure>\n<\/div>\n\n\n<figure class=\"wp-block-image size-large is-resized\"><a href=\"https:\/\/i0.wp.com\/gereonskeukenthuis.nl\/blog\/wp-content\/uploads\/2023\/10\/pascale.jpg?ssl=1\"><img data-recalc-dims=\"1\" loading=\"lazy\" decoding=\"async\" width=\"525\" height=\"662\" data-attachment-id=\"39605\" data-permalink=\"https:\/\/gereonskeukenthuis.nl\/blog\/gereons-mag-de-herfsteditie-2023\/pascale\/\" data-orig-file=\"https:\/\/i0.wp.com\/gereonskeukenthuis.nl\/blog\/wp-content\/uploads\/2023\/10\/pascale.jpg?fit=1483%2C1871&amp;ssl=1\" data-orig-size=\"1483,1871\" data-comments-opened=\"1\" data-image-meta=\"{&quot;aperture&quot;:&quot;0&quot;,&quot;credit&quot;:&quot;&quot;,&quot;camera&quot;:&quot;&quot;,&quot;caption&quot;:&quot;&quot;,&quot;created_timestamp&quot;:&quot;0&quot;,&quot;copyright&quot;:&quot;&quot;,&quot;focal_length&quot;:&quot;0&quot;,&quot;iso&quot;:&quot;0&quot;,&quot;shutter_speed&quot;:&quot;0&quot;,&quot;title&quot;:&quot;&quot;,&quot;orientation&quot;:&quot;0&quot;}\" data-image-title=\"pascale\" data-image-description=\"\" data-image-caption=\"\" data-large-file=\"https:\/\/i0.wp.com\/gereonskeukenthuis.nl\/blog\/wp-content\/uploads\/2023\/10\/pascale.jpg?fit=525%2C662&amp;ssl=1\" src=\"https:\/\/i0.wp.com\/gereonskeukenthuis.nl\/blog\/wp-content\/uploads\/2023\/10\/pascale-812x1024.jpg?resize=525%2C662&#038;ssl=1\" alt=\"\" class=\"wp-image-39605\" style=\"width:316px;height:399px\" srcset=\"https:\/\/i0.wp.com\/gereonskeukenthuis.nl\/blog\/wp-content\/uploads\/2023\/10\/pascale.jpg?resize=812%2C1024&amp;ssl=1 812w, https:\/\/i0.wp.com\/gereonskeukenthuis.nl\/blog\/wp-content\/uploads\/2023\/10\/pascale.jpg?resize=238%2C300&amp;ssl=1 238w, https:\/\/i0.wp.com\/gereonskeukenthuis.nl\/blog\/wp-content\/uploads\/2023\/10\/pascale.jpg?resize=768%2C969&amp;ssl=1 768w, https:\/\/i0.wp.com\/gereonskeukenthuis.nl\/blog\/wp-content\/uploads\/2023\/10\/pascale.jpg?resize=1217%2C1536&amp;ssl=1 1217w, https:\/\/i0.wp.com\/gereonskeukenthuis.nl\/blog\/wp-content\/uploads\/2023\/10\/pascale.jpg?w=1483&amp;ssl=1 1483w, https:\/\/i0.wp.com\/gereonskeukenthuis.nl\/blog\/wp-content\/uploads\/2023\/10\/pascale.jpg?w=1050 1050w\" sizes=\"auto, (max-width: 767px) 89vw, (max-width: 1000px) 54vw, (max-width: 1071px) 543px, 580px\" \/><\/a><figcaption class=\"wp-element-caption\">foto: bloemkoolcurry van Pascale.<\/figcaption><\/figure>\n\n\n\n<p><strong>Recept uit Chez Pascale. <\/strong>Sommige klassiekers worden hip als je ze wat pimpt. De kurkuma geeft dit gerecht een diepgele kleur en een warme smaak. Het is \u00e9\u00e9n van mijn favoriete kruiden in de keuken, zegt Pascale Naessens over de bloemkoolcurry met kippengehaktballetjes uit haat nieuwste boek Chez Pascale. <a href=\"https:\/\/gereonskeukenthuis.nl\/blog\/chez-pascale\/\">Hier lees je meer.<\/a><\/p>\n\n\n\n<p><strong>RECEPT voor 2 personen.<\/strong><\/p>\n\n\n\n<p>Nodig:<\/p>\n\n\n\n<p>300 g kippengehakt<\/p>\n\n\n\n<p>200 g bloemkool in roosjes<\/p>\n\n\n\n<p>200 verse spinazie<\/p>\n\n\n\n<p>250 ml kokosmelk<\/p>\n\n\n\n<p>1 ui gesnipperd<\/p>\n\n\n\n<p>koriander gehakt<\/p>\n\n\n\n<p>3 el kerriepoeder<\/p>\n\n\n\n<p>1 tl kurkuma voor de kleur<\/p>\n\n\n\n<p>boter om te bakken<\/p>\n\n\n\n<p>olijfolie<\/p>\n\n\n\n<p>25 g gehakte pinda\u2019s<\/p>\n\n\n\n<p>peper &amp; zout<\/p>\n\n\n\n<p>Bereiding:<\/p>\n\n\n\n<p>Hak de koriander fijn. Meng de helft van het kerriepoeder en de koriander door het kippengehakt en maak op smaak met peper en zout. Rol met natte handen kleine balletjes van het gehaktmengsel. Bak de gehaktballetjes bruin in hete boter. Giet in een ander pan een scheutje olijfolie en fruit de gesnipperde ui aan tot deze glazig, maar niet bruin is. Snijd de bloemkool in kleine roosjes en roerbak deze kort, zo\u2019n 5 minuten, mee. Giet de kokosmelk in de pan en voeg de rest van het kerriepoeder en de kurkuma toe. Laat het geheel sudderen tot de bloemkool gaar is. Voeg de spinazie als laatste toe en laat deze slinken. Schep de curry in diepe borden en leg de balletjes erin. Garneer het gerecht met gehakte pinda\u2019s.<\/p>\n\n\n\n<p><em>Chez Pascale is een uitgave van Lannoo.<\/em><\/p>\n\n\n<div class=\"wp-block-image\">\n<figure class=\"aligncenter size-large is-resized\"><a href=\"https:\/\/i0.wp.com\/gereonskeukenthuis.nl\/blog\/wp-content\/uploads\/2023\/10\/apero.jpg?ssl=1\"><img data-recalc-dims=\"1\" loading=\"lazy\" decoding=\"async\" width=\"525\" height=\"525\" data-attachment-id=\"39593\" data-permalink=\"https:\/\/gereonskeukenthuis.nl\/blog\/gereons-mag-de-herfsteditie-2023\/apero\/\" data-orig-file=\"https:\/\/i0.wp.com\/gereonskeukenthuis.nl\/blog\/wp-content\/uploads\/2023\/10\/apero.jpg?fit=1913%2C1913&amp;ssl=1\" data-orig-size=\"1913,1913\" data-comments-opened=\"1\" data-image-meta=\"{&quot;aperture&quot;:&quot;0&quot;,&quot;credit&quot;:&quot;&quot;,&quot;camera&quot;:&quot;&quot;,&quot;caption&quot;:&quot;&quot;,&quot;created_timestamp&quot;:&quot;0&quot;,&quot;copyright&quot;:&quot;&quot;,&quot;focal_length&quot;:&quot;0&quot;,&quot;iso&quot;:&quot;0&quot;,&quot;shutter_speed&quot;:&quot;0&quot;,&quot;title&quot;:&quot;&quot;,&quot;orientation&quot;:&quot;0&quot;}\" data-image-title=\"apero\" data-image-description=\"\" data-image-caption=\"\" data-large-file=\"https:\/\/i0.wp.com\/gereonskeukenthuis.nl\/blog\/wp-content\/uploads\/2023\/10\/apero.jpg?fit=525%2C525&amp;ssl=1\" src=\"https:\/\/i0.wp.com\/gereonskeukenthuis.nl\/blog\/wp-content\/uploads\/2023\/10\/apero-1024x1024.jpg?resize=525%2C525&#038;ssl=1\" alt=\"\" class=\"wp-image-39593\" style=\"width:404px;height:404px\" srcset=\"https:\/\/i0.wp.com\/gereonskeukenthuis.nl\/blog\/wp-content\/uploads\/2023\/10\/apero.jpg?resize=1024%2C1024&amp;ssl=1 1024w, https:\/\/i0.wp.com\/gereonskeukenthuis.nl\/blog\/wp-content\/uploads\/2023\/10\/apero.jpg?resize=300%2C300&amp;ssl=1 300w, https:\/\/i0.wp.com\/gereonskeukenthuis.nl\/blog\/wp-content\/uploads\/2023\/10\/apero.jpg?resize=150%2C150&amp;ssl=1 150w, https:\/\/i0.wp.com\/gereonskeukenthuis.nl\/blog\/wp-content\/uploads\/2023\/10\/apero.jpg?resize=768%2C768&amp;ssl=1 768w, https:\/\/i0.wp.com\/gereonskeukenthuis.nl\/blog\/wp-content\/uploads\/2023\/10\/apero.jpg?resize=1536%2C1536&amp;ssl=1 1536w, https:\/\/i0.wp.com\/gereonskeukenthuis.nl\/blog\/wp-content\/uploads\/2023\/10\/apero.jpg?resize=100%2C100&amp;ssl=1 100w, https:\/\/i0.wp.com\/gereonskeukenthuis.nl\/blog\/wp-content\/uploads\/2023\/10\/apero.jpg?w=1913&amp;ssl=1 1913w\" sizes=\"auto, (max-width: 767px) 89vw, (max-width: 1000px) 54vw, (max-width: 1071px) 543px, 580px\" \/><\/a><figcaption class=\"wp-element-caption\">foto: een suggestie uit Cuisine et Vins de France.<\/figcaption><\/figure>\n<\/div>\n\n\n<p><strong>Astuces voor je herfstap\u00e9ro. <\/strong>Organiseer eens een ap\u00e9ro dinatoire bij je thuis. Dat is wat anders dan borrelen, want in Frankrijk betekent dat een avondvullend programma met drankjes, hapjes en veel gezelligheid. Meestal brengen de gasten iets te eten mee of zorgen voor de wijn. De tafel is gedekt met glazen, bordjes en servetjes, de hapjes staan klaar. Voor GKT was dit een mooie manier van inburgeren in ons dorp. Met een fijn gezelschap van Franse vrienden en expat buurtgenoten.<\/p>\n\n\n\n<p><strong>Tomates c\u00e9rises au caramel de s\u00e9same.<\/strong><\/p>\n\n\n\n<p>Was 150 g tomaatjes en rits ze van het takje af. Rooster in een droge pan 100 g sesamzaadjes en laat deze afkoelen in een diep bord. Verhit in een steelpan 20 cl honing en 100 g suiker totdat er een fijne karamel ontstaat. Haal de pan van het vuur en haal, geprikt aan een stokje \u00e9\u00e9n voor \u00e9\u2019n de tomaatjes door de warme karamel en daarna door de sesamzaadjes.<\/p>\n\n\n\n<p><strong>Cake au chorizo et olives noires.<\/strong><\/p>\n\n\n\n<p>Verwarm de oven voor op 180\u00b0 Celcius. Klop 6 eieren en 300 gram bloem met een zakje gist door elkaar. Voeg 10 cl room en tachtig gram gesmolten boter toe. Roer het cakebeslag goed door. Voeg in stukjes gesneden chorizo en fijngehakte zwarte olijven toe. Roer nogmaals goed door, maak op smaak met zwarte peper en zout. Stort het geheel in een beboterde cakevorm. Bak de cake af in circa 35 minuten. Laat de cake afkoelen en serveer in dunne plakken.<\/p>\n\n\n\n<p><strong>Brick de ch\u00e8vre au lard.<\/strong><\/p>\n\n\n\n<p>Rol een stukje geitenkaas in een plakje pancetta. Leg het geheel op een vel Tunesisch brickdeeg. Giet er een lepel honing over en wat geritste tijm. Vouw het brickdeeg in een driehoekje dicht. Herhaal dit tot je het gewenste aantal hapjes hebt. Verwarm de oven voor op 180 \u00b0 C. en bak de brickdeeg met geitenkaas en pancetta in ongeveer 15 minuten af.<\/p>\n\n\n\n<figure class=\"wp-block-image size-large is-resized\"><a href=\"https:\/\/i0.wp.com\/gereonskeukenthuis.nl\/blog\/wp-content\/uploads\/2023\/10\/apero-5.jpg?ssl=1\"><img data-recalc-dims=\"1\" loading=\"lazy\" decoding=\"async\" width=\"525\" height=\"778\" data-attachment-id=\"39594\" data-permalink=\"https:\/\/gereonskeukenthuis.nl\/blog\/gereons-mag-de-herfsteditie-2023\/apero-5\/\" data-orig-file=\"https:\/\/i0.wp.com\/gereonskeukenthuis.nl\/blog\/wp-content\/uploads\/2023\/10\/apero-5.jpg?fit=1340%2C1985&amp;ssl=1\" data-orig-size=\"1340,1985\" data-comments-opened=\"1\" data-image-meta=\"{&quot;aperture&quot;:&quot;0&quot;,&quot;credit&quot;:&quot;&quot;,&quot;camera&quot;:&quot;&quot;,&quot;caption&quot;:&quot;&quot;,&quot;created_timestamp&quot;:&quot;0&quot;,&quot;copyright&quot;:&quot;&quot;,&quot;focal_length&quot;:&quot;0&quot;,&quot;iso&quot;:&quot;0&quot;,&quot;shutter_speed&quot;:&quot;0&quot;,&quot;title&quot;:&quot;&quot;,&quot;orientation&quot;:&quot;0&quot;}\" data-image-title=\"apero-5\" data-image-description=\"\" data-image-caption=\"\" data-large-file=\"https:\/\/i0.wp.com\/gereonskeukenthuis.nl\/blog\/wp-content\/uploads\/2023\/10\/apero-5.jpg?fit=525%2C778&amp;ssl=1\" src=\"https:\/\/i0.wp.com\/gereonskeukenthuis.nl\/blog\/wp-content\/uploads\/2023\/10\/apero-5-691x1024.jpg?resize=525%2C778&#038;ssl=1\" alt=\"\" class=\"wp-image-39594\" style=\"width:406px;height:602px\" srcset=\"https:\/\/i0.wp.com\/gereonskeukenthuis.nl\/blog\/wp-content\/uploads\/2023\/10\/apero-5.jpg?resize=691%2C1024&amp;ssl=1 691w, https:\/\/i0.wp.com\/gereonskeukenthuis.nl\/blog\/wp-content\/uploads\/2023\/10\/apero-5.jpg?resize=203%2C300&amp;ssl=1 203w, https:\/\/i0.wp.com\/gereonskeukenthuis.nl\/blog\/wp-content\/uploads\/2023\/10\/apero-5.jpg?resize=768%2C1138&amp;ssl=1 768w, https:\/\/i0.wp.com\/gereonskeukenthuis.nl\/blog\/wp-content\/uploads\/2023\/10\/apero-5.jpg?resize=1037%2C1536&amp;ssl=1 1037w, https:\/\/i0.wp.com\/gereonskeukenthuis.nl\/blog\/wp-content\/uploads\/2023\/10\/apero-5.jpg?w=1340&amp;ssl=1 1340w\" sizes=\"auto, (max-width: 525px) 100vw, 525px\" \/><\/a><figcaption class=\"wp-element-caption\">foto: c&#8217;est le temps de l&#8217;ap\u00e9ro.<\/figcaption><\/figure>\n\n\n<div class=\"wp-block-image\">\n<figure class=\"aligncenter size-large is-resized\"><a href=\"https:\/\/i0.wp.com\/gereonskeukenthuis.nl\/blog\/wp-content\/uploads\/2023\/10\/onno-kleyn.jpg?ssl=1\"><img data-recalc-dims=\"1\" loading=\"lazy\" decoding=\"async\" width=\"525\" height=\"804\" data-attachment-id=\"39595\" data-permalink=\"https:\/\/gereonskeukenthuis.nl\/blog\/gereons-mag-de-herfsteditie-2023\/onno-kleyn\/\" data-orig-file=\"https:\/\/i0.wp.com\/gereonskeukenthuis.nl\/blog\/wp-content\/uploads\/2023\/10\/onno-kleyn.jpg?fit=1337%2C2048&amp;ssl=1\" data-orig-size=\"1337,2048\" data-comments-opened=\"1\" data-image-meta=\"{&quot;aperture&quot;:&quot;0&quot;,&quot;credit&quot;:&quot;&quot;,&quot;camera&quot;:&quot;&quot;,&quot;caption&quot;:&quot;&quot;,&quot;created_timestamp&quot;:&quot;0&quot;,&quot;copyright&quot;:&quot;&quot;,&quot;focal_length&quot;:&quot;0&quot;,&quot;iso&quot;:&quot;0&quot;,&quot;shutter_speed&quot;:&quot;0&quot;,&quot;title&quot;:&quot;&quot;,&quot;orientation&quot;:&quot;0&quot;}\" data-image-title=\"onno-kleyn\" data-image-description=\"\" data-image-caption=\"\" data-large-file=\"https:\/\/i0.wp.com\/gereonskeukenthuis.nl\/blog\/wp-content\/uploads\/2023\/10\/onno-kleyn.jpg?fit=525%2C804&amp;ssl=1\" src=\"https:\/\/i0.wp.com\/gereonskeukenthuis.nl\/blog\/wp-content\/uploads\/2023\/10\/onno-kleyn-669x1024.jpg?resize=525%2C804&#038;ssl=1\" alt=\"\" class=\"wp-image-39595\" style=\"width:454px;height:695px\" srcset=\"https:\/\/i0.wp.com\/gereonskeukenthuis.nl\/blog\/wp-content\/uploads\/2023\/10\/onno-kleyn.jpg?resize=669%2C1024&amp;ssl=1 669w, https:\/\/i0.wp.com\/gereonskeukenthuis.nl\/blog\/wp-content\/uploads\/2023\/10\/onno-kleyn.jpg?resize=196%2C300&amp;ssl=1 196w, https:\/\/i0.wp.com\/gereonskeukenthuis.nl\/blog\/wp-content\/uploads\/2023\/10\/onno-kleyn.jpg?resize=768%2C1176&amp;ssl=1 768w, https:\/\/i0.wp.com\/gereonskeukenthuis.nl\/blog\/wp-content\/uploads\/2023\/10\/onno-kleyn.jpg?resize=1003%2C1536&amp;ssl=1 1003w, https:\/\/i0.wp.com\/gereonskeukenthuis.nl\/blog\/wp-content\/uploads\/2023\/10\/onno-kleyn.jpg?w=1337&amp;ssl=1 1337w\" sizes=\"auto, (max-width: 525px) 100vw, 525px\" \/><\/a><figcaption class=\"wp-element-caption\">foto: cover Wijn van Kleyn.<\/figcaption><\/figure>\n<\/div>\n\n\n<p><strong>Wijn van Kleyn <\/strong>&nbsp;het begint allemaal in de Auvergne. In de tijd, dat op tafel in Frankrijk nog grote flessen wit en rood op tafel stonden tijdens de dagelijkse d\u00e9jeuner. Voor bij het m\u00e9nu du jour,, jet plastic doppen. Die zie je niet zoveel meer. Er wordt tegenwoordig minder gedronken en veelal is in Frankrijk de doppenfles vervangen door une caraffe d&#8217;eau. En wijn uit de BIB, bag in box, dat op tafel komt in een klein karafje van 25 cl. In ieder geval zette Onno zijn eerste stappen op wijngebied tijdens die reis naar de Auvergne. Later in Amsterdam, toen het virus zich had genesteld in zijn aderen, kookte hij een coq au vin in een rijke Bourgogne uit Vosne Roman\u00e9e. Dat zou je heden ten dage niet meer in je hoofd halen.&nbsp;<a href=\"https:\/\/gereonskeukenthuis.nl\/blog\/wijn-van-kleyn\/\">Lees meer<\/a><\/p>\n\n\n\n<p><em>Wijn van Kleyn is een uitgave van Nijgh Cuisine.<\/em><\/p>\n\n\n\n<figure class=\"wp-block-image size-large is-resized\"><a href=\"https:\/\/i0.wp.com\/gereonskeukenthuis.nl\/blog\/wp-content\/uploads\/2023\/10\/olives.jpg?ssl=1\"><img data-recalc-dims=\"1\" loading=\"lazy\" decoding=\"async\" width=\"525\" height=\"700\" data-attachment-id=\"39596\" data-permalink=\"https:\/\/gereonskeukenthuis.nl\/blog\/gereons-mag-de-herfsteditie-2023\/olives\/\" data-orig-file=\"https:\/\/i0.wp.com\/gereonskeukenthuis.nl\/blog\/wp-content\/uploads\/2023\/10\/olives.jpg?fit=1500%2C2000&amp;ssl=1\" data-orig-size=\"1500,2000\" data-comments-opened=\"1\" data-image-meta=\"{&quot;aperture&quot;:&quot;0&quot;,&quot;credit&quot;:&quot;&quot;,&quot;camera&quot;:&quot;&quot;,&quot;caption&quot;:&quot;&quot;,&quot;created_timestamp&quot;:&quot;0&quot;,&quot;copyright&quot;:&quot;&quot;,&quot;focal_length&quot;:&quot;0&quot;,&quot;iso&quot;:&quot;0&quot;,&quot;shutter_speed&quot;:&quot;0&quot;,&quot;title&quot;:&quot;&quot;,&quot;orientation&quot;:&quot;0&quot;}\" data-image-title=\"olives\" data-image-description=\"\" data-image-caption=\"\" data-large-file=\"https:\/\/i0.wp.com\/gereonskeukenthuis.nl\/blog\/wp-content\/uploads\/2023\/10\/olives.jpg?fit=525%2C700&amp;ssl=1\" src=\"https:\/\/i0.wp.com\/gereonskeukenthuis.nl\/blog\/wp-content\/uploads\/2023\/10\/olives-768x1024.jpg?resize=525%2C700&#038;ssl=1\" alt=\"\" class=\"wp-image-39596\" style=\"width:492px;height:656px\" srcset=\"https:\/\/i0.wp.com\/gereonskeukenthuis.nl\/blog\/wp-content\/uploads\/2023\/10\/olives.jpg?resize=768%2C1024&amp;ssl=1 768w, https:\/\/i0.wp.com\/gereonskeukenthuis.nl\/blog\/wp-content\/uploads\/2023\/10\/olives.jpg?resize=225%2C300&amp;ssl=1 225w, https:\/\/i0.wp.com\/gereonskeukenthuis.nl\/blog\/wp-content\/uploads\/2023\/10\/olives.jpg?resize=1152%2C1536&amp;ssl=1 1152w, https:\/\/i0.wp.com\/gereonskeukenthuis.nl\/blog\/wp-content\/uploads\/2023\/10\/olives.jpg?w=1500&amp;ssl=1 1500w, https:\/\/i0.wp.com\/gereonskeukenthuis.nl\/blog\/wp-content\/uploads\/2023\/10\/olives.jpg?w=1050 1050w\" sizes=\"auto, (max-width: 767px) 89vw, (max-width: 1000px) 54vw, (max-width: 1071px) 543px, 580px\" \/><\/a><figcaption class=\"wp-element-caption\">foto: bomen vol olijven in ons dorp.<\/figcaption><\/figure>\n\n\n\n<p><strong>Herfst in de Corbi\u00e8res &nbsp;<\/strong>Varkenswangen met olijven uit de Languedoc. Gilles Goujon (Bourges 1961) is de eigenaar en chef een hotel en restaurant in Fontjouconde, 33 kilometer ten westen van Narbonne, in het hart van de Corbi\u00e8res. Het heet Auberge du Vieux Puits. Goujon belandde al jong in de horeca. In 1978 werd hij al de \u201cmeillieur apprenti\u201d van Frankrijk en stages en werkervaring bij verscheidene gerenommeerde Michelin zaken volgenden. Op zijn 31<sup>e<\/sup> kocht hij Auberge du Vieux Puits en ging aan de slag. Het leverde hem in 1997 zijn eerste Michelinster op, gevolgd door nummer twee in 2001, in het jaar,dat hij de auberge uitbreidde met hotelaccommodatie. De bekroning kwam in 2010, toen dit adres getooid werd met 3 Michelinsterren en sindsdien is het restaurant van Gilles Goujon niet meer weg te denken in de Aude.<\/p>\n\n\n\n<p><strong>Auberge du Vieux Puits, 5 Avenue St Victor, 11360 Fontjouconde (Aude)<\/strong><\/p>\n\n\n<div class=\"wp-block-image\">\n<figure class=\"aligncenter size-large is-resized\"><a href=\"https:\/\/i0.wp.com\/gereonskeukenthuis.nl\/blog\/wp-content\/uploads\/2023\/10\/olives-2.jpg?ssl=1\"><img data-recalc-dims=\"1\" loading=\"lazy\" decoding=\"async\" width=\"525\" height=\"700\" data-attachment-id=\"39597\" data-permalink=\"https:\/\/gereonskeukenthuis.nl\/blog\/gereons-mag-de-herfsteditie-2023\/olives-2\/\" data-orig-file=\"https:\/\/i0.wp.com\/gereonskeukenthuis.nl\/blog\/wp-content\/uploads\/2023\/10\/olives-2.jpg?fit=1500%2C2000&amp;ssl=1\" data-orig-size=\"1500,2000\" data-comments-opened=\"1\" data-image-meta=\"{&quot;aperture&quot;:&quot;0&quot;,&quot;credit&quot;:&quot;&quot;,&quot;camera&quot;:&quot;&quot;,&quot;caption&quot;:&quot;&quot;,&quot;created_timestamp&quot;:&quot;0&quot;,&quot;copyright&quot;:&quot;&quot;,&quot;focal_length&quot;:&quot;0&quot;,&quot;iso&quot;:&quot;0&quot;,&quot;shutter_speed&quot;:&quot;0&quot;,&quot;title&quot;:&quot;&quot;,&quot;orientation&quot;:&quot;0&quot;}\" data-image-title=\"olives-2\" data-image-description=\"\" data-image-caption=\"\" data-large-file=\"https:\/\/i0.wp.com\/gereonskeukenthuis.nl\/blog\/wp-content\/uploads\/2023\/10\/olives-2.jpg?fit=525%2C700&amp;ssl=1\" src=\"https:\/\/i0.wp.com\/gereonskeukenthuis.nl\/blog\/wp-content\/uploads\/2023\/10\/olives-2-768x1024.jpg?resize=525%2C700&#038;ssl=1\" alt=\"\" class=\"wp-image-39597\" style=\"width:433px;height:577px\" srcset=\"https:\/\/i0.wp.com\/gereonskeukenthuis.nl\/blog\/wp-content\/uploads\/2023\/10\/olives-2.jpg?resize=768%2C1024&amp;ssl=1 768w, https:\/\/i0.wp.com\/gereonskeukenthuis.nl\/blog\/wp-content\/uploads\/2023\/10\/olives-2.jpg?resize=225%2C300&amp;ssl=1 225w, https:\/\/i0.wp.com\/gereonskeukenthuis.nl\/blog\/wp-content\/uploads\/2023\/10\/olives-2.jpg?resize=1152%2C1536&amp;ssl=1 1152w, https:\/\/i0.wp.com\/gereonskeukenthuis.nl\/blog\/wp-content\/uploads\/2023\/10\/olives-2.jpg?w=1500&amp;ssl=1 1500w, https:\/\/i0.wp.com\/gereonskeukenthuis.nl\/blog\/wp-content\/uploads\/2023\/10\/olives-2.jpg?w=1050 1050w\" sizes=\"auto, (max-width: 767px) 89vw, (max-width: 1000px) 54vw, (max-width: 1071px) 543px, 580px\" \/><\/a><\/figure>\n<\/div>\n\n\n<p><strong>RECEPT:<\/strong> GKT kwam op het spoor van een recept voor varkenswangen met Lucques olijven, de lokale groene variant. Gilles Goujon kookt het in het groot met zeker 12 varkenswangen. Voor Gereons Mag paste ik de hoeveelheden en receptuur iets aan.<\/p>\n\n\n\n<p>Nodig:<\/p>\n\n\n\n<p>6 varkenswangen met been<\/p>\n\n\n\n<p>75 g wortel in blokjes<\/p>\n\n\n\n<p>75 g selderij in blokjes<\/p>\n\n\n\n<p>2 rode uien in ringetjes<\/p>\n\n\n\n<p>olijfolie<\/p>\n\n\n\n<p>75 g geplette Lucques olijven<\/p>\n\n\n\n<p>500 g tomaten in blokjes<\/p>\n\n\n\n<p>4 tenen knoflook<\/p>\n\n\n\n<p>\u00bd l witte wijn<\/p>\n\n\n\n<p>\u00bd l kalfsfond<\/p>\n\n\n\n<p>2 laurierblaadjes, takjes tijm en rozemarijn als bouquet garni<\/p>\n\n\n\n<p>peper en zout<\/p>\n\n\n\n<p>Bereiding:<\/p>\n\n\n\n<p>Bestrooi de varkenswangen met peper en zout. Verhit de olie en braad de wangen ome en om aan, to ze mooi bruin zijn. Haal het vlees eruit en zet afgedekt apart. Voeg de uienringen, knoflook en groenten toe en bak deze kort aan aan. Wanneer je klaar bent met het fruiten van de groenten voeg je de groene olijven toe en de tomaten toe. Bak kort aan op hoog vuur Blus het geheel af met de wijn en voeg de warme fond en bouquet garni toe Kook het geheel iets in en voeg de varkenswangen toe. Doe het deksel op de pan en zet deze in een voorverwarmede oven van 100 graden. Laat de stoofpan daarin 2 uur staan. Kijk bij tijd en wijle naar de garing en roer. Serveer de wangen met de jus en brood.<\/p>\n\n\n\n<p>Wijntip: rode Corbi\u00e8res.<\/p>\n\n\n\n<figure class=\"wp-block-image size-large is-resized\"><a href=\"https:\/\/i0.wp.com\/gereonskeukenthuis.nl\/blog\/wp-content\/uploads\/2023\/10\/Robertos-30ste-verjaardag-scaled.jpg?ssl=1\"><img data-recalc-dims=\"1\" loading=\"lazy\" decoding=\"async\" width=\"525\" height=\"350\" data-attachment-id=\"39598\" data-permalink=\"https:\/\/gereonskeukenthuis.nl\/blog\/gereons-mag-de-herfsteditie-2023\/robertos-30ste-verjaardag\/\" data-orig-file=\"https:\/\/i0.wp.com\/gereonskeukenthuis.nl\/blog\/wp-content\/uploads\/2023\/10\/Robertos-30ste-verjaardag-scaled.jpg?fit=2560%2C1707&amp;ssl=1\" data-orig-size=\"2560,1707\" data-comments-opened=\"1\" data-image-meta=\"{&quot;aperture&quot;:&quot;5&quot;,&quot;credit&quot;:&quot;Aldo Allessie&quot;,&quot;camera&quot;:&quot;Canon EOS 5D Mark III&quot;,&quot;caption&quot;:&quot;&quot;,&quot;created_timestamp&quot;:&quot;1695217927&quot;,&quot;copyright&quot;:&quot;&quot;,&quot;focal_length&quot;:&quot;35&quot;,&quot;iso&quot;:&quot;2500&quot;,&quot;shutter_speed&quot;:&quot;0.02&quot;,&quot;title&quot;:&quot;&quot;,&quot;orientation&quot;:&quot;1&quot;}\" data-image-title=\"Robertos-30ste-verjaardag\" data-image-description=\"\" data-image-caption=\"\" data-large-file=\"https:\/\/i0.wp.com\/gereonskeukenthuis.nl\/blog\/wp-content\/uploads\/2023\/10\/Robertos-30ste-verjaardag-scaled.jpg?fit=525%2C350&amp;ssl=1\" src=\"https:\/\/i0.wp.com\/gereonskeukenthuis.nl\/blog\/wp-content\/uploads\/2023\/10\/Robertos-30ste-verjaardag-1024x683.jpg?resize=525%2C350&#038;ssl=1\" alt=\"\" class=\"wp-image-39598\" style=\"width:478px;height:319px\" srcset=\"https:\/\/i0.wp.com\/gereonskeukenthuis.nl\/blog\/wp-content\/uploads\/2023\/10\/Robertos-30ste-verjaardag-scaled.jpg?resize=1024%2C683&amp;ssl=1 1024w, https:\/\/i0.wp.com\/gereonskeukenthuis.nl\/blog\/wp-content\/uploads\/2023\/10\/Robertos-30ste-verjaardag-scaled.jpg?resize=300%2C200&amp;ssl=1 300w, https:\/\/i0.wp.com\/gereonskeukenthuis.nl\/blog\/wp-content\/uploads\/2023\/10\/Robertos-30ste-verjaardag-scaled.jpg?resize=768%2C512&amp;ssl=1 768w, https:\/\/i0.wp.com\/gereonskeukenthuis.nl\/blog\/wp-content\/uploads\/2023\/10\/Robertos-30ste-verjaardag-scaled.jpg?resize=1536%2C1024&amp;ssl=1 1536w, https:\/\/i0.wp.com\/gereonskeukenthuis.nl\/blog\/wp-content\/uploads\/2023\/10\/Robertos-30ste-verjaardag-scaled.jpg?resize=2048%2C1365&amp;ssl=1 2048w\" sizes=\"auto, (max-width: 767px) 89vw, (max-width: 1000px) 54vw, (max-width: 1071px) 543px, 580px\" \/><\/a><figcaption class=\"wp-element-caption\">foto: feest bij Roberto&#8217;s in Amsterdam.<\/figcaption><\/figure>\n\n\n\n<p><strong>Een stukje Itali\u00eb in Amsterdam: restaurant Roberto\u2019s viert 30<sup>ste<\/sup>&nbsp;verjaardag. &nbsp;<\/strong>Aan de Amsterdamse Apollolaan vind je het Italiaanse restaurant Roberto\u2019s, dat zijn 30-jarig bestaan viert. Dat doen ze door middel van een ode aan de pure cucina Italiana, ge\u00efnspireerd op de Italiaanse spaghettiwestern Il buono, il brutto &amp; il cattivo van Sergio Leone. De komende tijd neemt het team van Roberto\u2019s de gasten mee op reis door langs de parel van de Italiaanse keuken, een schatkamer vol verrassingen, al dan niet in een modern jasje.<\/p>\n\n\n\n<p><strong>\u201cPuur en lekker! <\/strong>Doordat gastronomie wordt be\u00efnvloed door culturele veranderingen en trends, kunnen gerechten hun authenticiteit verliezen. Bij Roberto\u2019s streven wij er juist naar om de traditionele waarden die de Italiaanse keuken zo uniek maken, te bewaren. Gastronomie is wie we waren, wie we zijn en wie we zullen zijn. Dat maakt&nbsp;Roberto\u2019s&nbsp;al 30 jaar succesvol\u201d<\/p>\n\n\n\n<p><strong>Culinaire reis door Itali\u00eb.<\/strong> Roberto\u2019s verwent de komende maanden zijn gasten op een avontuurlijke manier. De reis begint in oktober in Garfagnana, Midden-Itali\u00eb. Chef-kok Aurelio Barattini van het eeuwenoude restaurant Antica Locanda di Sesto neemt je mee in de keuken van zijn regio en deelt zijn stoere gerechten. Van half november tot eind december staat Roberto\u2019s in het teken van de beste wijnen van de wijnfamilie Dogliani uit Pi\u00ebmonte.. Wijn om te drinken bij typisch Pi\u00ebmontese gerechten waarin natuurlijk de tartufo bianco (witte truffel) een hoofdrol speelt. Dat wordt smullen in het Amsterdamse Hilton.<\/p>\n\n\n\n<p>Kijk voor het volledige programma op de site van <a href=\"https:\/\/www.robertosrestaurant.nl\/nl\">Roberto\u2019s<\/a><\/p>\n\n\n<div class=\"wp-block-image\">\n<figure class=\"aligncenter size-large is-resized\"><a href=\"https:\/\/i0.wp.com\/gereonskeukenthuis.nl\/blog\/wp-content\/uploads\/2023\/10\/tips-voor-een-groenere-wereld.jpg?ssl=1\"><img data-recalc-dims=\"1\" loading=\"lazy\" decoding=\"async\" width=\"525\" height=\"636\" data-attachment-id=\"39599\" data-permalink=\"https:\/\/gereonskeukenthuis.nl\/blog\/gereons-mag-de-herfsteditie-2023\/tips-voor-een-groenere-wereld-2\/\" data-orig-file=\"https:\/\/i0.wp.com\/gereonskeukenthuis.nl\/blog\/wp-content\/uploads\/2023\/10\/tips-voor-een-groenere-wereld.jpg?fit=1500%2C1817&amp;ssl=1\" data-orig-size=\"1500,1817\" data-comments-opened=\"1\" data-image-meta=\"{&quot;aperture&quot;:&quot;0&quot;,&quot;credit&quot;:&quot;&quot;,&quot;camera&quot;:&quot;&quot;,&quot;caption&quot;:&quot;&quot;,&quot;created_timestamp&quot;:&quot;0&quot;,&quot;copyright&quot;:&quot;&quot;,&quot;focal_length&quot;:&quot;0&quot;,&quot;iso&quot;:&quot;0&quot;,&quot;shutter_speed&quot;:&quot;0&quot;,&quot;title&quot;:&quot;&quot;,&quot;orientation&quot;:&quot;0&quot;}\" data-image-title=\"tips-voor-een-groenere-wereld\" data-image-description=\"\" data-image-caption=\"\" data-large-file=\"https:\/\/i0.wp.com\/gereonskeukenthuis.nl\/blog\/wp-content\/uploads\/2023\/10\/tips-voor-een-groenere-wereld.jpg?fit=525%2C636&amp;ssl=1\" src=\"https:\/\/i0.wp.com\/gereonskeukenthuis.nl\/blog\/wp-content\/uploads\/2023\/10\/tips-voor-een-groenere-wereld-845x1024.jpg?resize=525%2C636&#038;ssl=1\" alt=\"\" class=\"wp-image-39599\" style=\"width:349px;height:423px\" srcset=\"https:\/\/i0.wp.com\/gereonskeukenthuis.nl\/blog\/wp-content\/uploads\/2023\/10\/tips-voor-een-groenere-wereld.jpg?resize=845%2C1024&amp;ssl=1 845w, https:\/\/i0.wp.com\/gereonskeukenthuis.nl\/blog\/wp-content\/uploads\/2023\/10\/tips-voor-een-groenere-wereld.jpg?resize=248%2C300&amp;ssl=1 248w, https:\/\/i0.wp.com\/gereonskeukenthuis.nl\/blog\/wp-content\/uploads\/2023\/10\/tips-voor-een-groenere-wereld.jpg?resize=768%2C930&amp;ssl=1 768w, https:\/\/i0.wp.com\/gereonskeukenthuis.nl\/blog\/wp-content\/uploads\/2023\/10\/tips-voor-een-groenere-wereld.jpg?resize=1268%2C1536&amp;ssl=1 1268w, https:\/\/i0.wp.com\/gereonskeukenthuis.nl\/blog\/wp-content\/uploads\/2023\/10\/tips-voor-een-groenere-wereld.jpg?w=1500&amp;ssl=1 1500w, https:\/\/i0.wp.com\/gereonskeukenthuis.nl\/blog\/wp-content\/uploads\/2023\/10\/tips-voor-een-groenere-wereld.jpg?w=1050 1050w\" sizes=\"auto, (max-width: 767px) 89vw, (max-width: 1000px) 54vw, (max-width: 1071px) 543px, 580px\" \/><\/a><figcaption class=\"wp-element-caption\">foto: cover 365 tips voor een groenere wereld.<\/figcaption><\/figure>\n<\/div>\n\n\n<p><strong>Tips om groener te leven.<\/strong>  GKT schrikt soms weleens van al zijn afval, het vele watergebruik en het niet duurzaam zijn van zijn keukentje. In het Occitaanse dorp zie je vaak voor huizen allerlei \u201cafgedankte\u201d dingen staan, bakken vol troep, die wij in Nederland allang naar het vuilnis hadden verwezen. Zo anders is dat hier, de lokale biologische bloemenkweker kan oude potjes altijd gebruiken. De kattendame van het dorp weet wel raad met oud beddengoed. Vide greniers en brocantes zijn in elk dorp doodgewoon en altijd vindt iemand daar wel iets van zijn of haar gading. Zo wordt er ongemerkt heel wat gerecycled en duurzaam hergebruikt door de bewoners. Een ander onderwerp in deze streek is water. Er heerst al sinds de winter droogte en veel regen valt er ook nu (nog) niet in de herfst. De plaatselijke rivier staat droog en iedereen wordt gemaand spaarzaam om te gaan met water. Een Franse vriendin met een chambre d\u2019h\u00f4tes vraagt haar gasten om het eerst koude water tijden het open van de douchekraan op te vangen in een emmer. Daarmee kunnen dan weer de planten worden water gegeven. <a href=\"https:\/\/gereonskeukenthuis.nl\/blog\/365-tips-voor-een-groenere-wereld\/\">Meer hier.<\/a><\/p>\n\n\n\n<p><em>365 tips voor een groenere wereld is een uitgave van GoodCook.<\/em><\/p>\n\n\n\n<figure class=\"wp-block-image size-large is-resized\"><a href=\"https:\/\/i0.wp.com\/gereonskeukenthuis.nl\/blog\/wp-content\/uploads\/2023\/10\/recette-brioche-aux-sardines-et-concombre-1_6140826.webp?ssl=1\"><img data-recalc-dims=\"1\" loading=\"lazy\" decoding=\"async\" width=\"525\" height=\"787\" data-attachment-id=\"39600\" data-permalink=\"https:\/\/gereonskeukenthuis.nl\/blog\/gereons-mag-de-herfsteditie-2023\/recette-brioche-aux-sardines-et-concombre-1_6140826\/\" data-orig-file=\"https:\/\/i0.wp.com\/gereonskeukenthuis.nl\/blog\/wp-content\/uploads\/2023\/10\/recette-brioche-aux-sardines-et-concombre-1_6140826.webp?fit=1365%2C2048&amp;ssl=1\" data-orig-size=\"1365,2048\" data-comments-opened=\"1\" data-image-meta=\"{&quot;aperture&quot;:&quot;0&quot;,&quot;credit&quot;:&quot;&quot;,&quot;camera&quot;:&quot;&quot;,&quot;caption&quot;:&quot;&quot;,&quot;created_timestamp&quot;:&quot;0&quot;,&quot;copyright&quot;:&quot;&quot;,&quot;focal_length&quot;:&quot;0&quot;,&quot;iso&quot;:&quot;0&quot;,&quot;shutter_speed&quot;:&quot;0&quot;,&quot;title&quot;:&quot;&quot;,&quot;orientation&quot;:&quot;0&quot;}\" data-image-title=\"recette-brioche-aux-sardines-et-concombre-1_6140826\" data-image-description=\"\" data-image-caption=\"\" data-large-file=\"https:\/\/i0.wp.com\/gereonskeukenthuis.nl\/blog\/wp-content\/uploads\/2023\/10\/recette-brioche-aux-sardines-et-concombre-1_6140826.webp?fit=525%2C787&amp;ssl=1\" src=\"https:\/\/i0.wp.com\/gereonskeukenthuis.nl\/blog\/wp-content\/uploads\/2023\/10\/recette-brioche-aux-sardines-et-concombre-1_6140826-683x1024.webp?resize=525%2C787&#038;ssl=1\" alt=\"\" class=\"wp-image-39600\" style=\"width:339px;height:509px\" srcset=\"https:\/\/i0.wp.com\/gereonskeukenthuis.nl\/blog\/wp-content\/uploads\/2023\/10\/recette-brioche-aux-sardines-et-concombre-1_6140826.webp?resize=683%2C1024&amp;ssl=1 683w, https:\/\/i0.wp.com\/gereonskeukenthuis.nl\/blog\/wp-content\/uploads\/2023\/10\/recette-brioche-aux-sardines-et-concombre-1_6140826.webp?resize=200%2C300&amp;ssl=1 200w, https:\/\/i0.wp.com\/gereonskeukenthuis.nl\/blog\/wp-content\/uploads\/2023\/10\/recette-brioche-aux-sardines-et-concombre-1_6140826.webp?resize=768%2C1152&amp;ssl=1 768w, https:\/\/i0.wp.com\/gereonskeukenthuis.nl\/blog\/wp-content\/uploads\/2023\/10\/recette-brioche-aux-sardines-et-concombre-1_6140826.webp?resize=1024%2C1536&amp;ssl=1 1024w, https:\/\/i0.wp.com\/gereonskeukenthuis.nl\/blog\/wp-content\/uploads\/2023\/10\/recette-brioche-aux-sardines-et-concombre-1_6140826.webp?w=1365&amp;ssl=1 1365w\" sizes=\"auto, (max-width: 525px) 100vw, 525px\" \/><\/a><figcaption class=\"wp-element-caption\">foto: C\u00f4t\u00e9 OUEST besteedt aandacht aan de gerechten van  Joris &amp; Anouck.<\/figcaption><\/figure>\n\n\n\n<p><strong>Bretagne Iod\u00e9.<\/strong> De Vlamingen Anouck en Joris Delanghe streken neer in een Bretons dorp in de Morbihan, waar zij nu al heel wat jaren B&amp;B <a href=\"https:\/\/www.lamaisonblancheauxvoletsbleus.com\/\">la maison blanche aux volets bleus<\/a> runnen. Op Gereons Keuken Thuis was regelmatig  al  iets te lezen over hun avonturen. Naast de Bretonse is de Baskische keuken ook favoriet bij het koppel. In hun nieuwe boek Tapas &amp; Pintxos de Bretagne mengen zij deze twee keukens, die als overeenkomst het jodiumrijke zout uit de zee hebben. Een hommage aan terre en mer met recepten uit het Zuiden en Armorica.<\/p>\n\n\n\n<p><em>Tapas &amp; Pintxos de Bretagne is een uitgave van Snoek.<\/em><\/p>\n\n\n\n<p><strong>RECEPT: <\/strong>pintxos van geroosterde brioche met sardine en ingelegde komkommer. Gereons Keuken Thuis las dit recept in het magazine C\u00f4t\u00e9 OUEST en gaf er een eigen draai aan.<\/p>\n\n\n\n<p>Nodig:<\/p>\n\n\n\n<p>\u00bd brioche brood in dunne plakken.<\/p>\n\n\n\n<p>1 komkommer zonder zaadlijsten in blokjes<\/p>\n\n\n\n<p>2 blikjes sardines uitgelekt<\/p>\n\n\n\n<p>1 citroen uitgeperst<\/p>\n\n\n\n<p>zout &amp; peper<\/p>\n\n\n\n<p>dille<\/p>\n\n\n\n<p>1 klein potje cr\u00e8me fraiche<\/p>\n\n\n\n<p>Piment d\u2019Espelette<\/p>\n\n\n\n<p>Bereiding:<\/p>\n\n\n\n<p>Snijd het brioche brood in mooie dunne lange repen en rooster het om en om op de plancha. Snijd de komkommer in blikjes en zet deze een half uur part, bestrooid met zout&nbsp; in een zeef, die je boeven een kom plaatst. Pers de citroen uit. Laat de sardines uitlekken en verwijder de graatjes. Maak van de sardines mooie reepjes. Meng een paar lepels cr\u00e8me fraiche met wat zout en piment d\u2019Espelette en besmeer hiermee de briocheplakken. Meng door de uitgelekte komkommer wat dille en citroensap en beleg elke canap\u00e9 met de komkommer. Tot slot leg je op elk plakje een reepje van de sardines. Garneer met een dun takje dille.<\/p>\n\n\n\n<figure class=\"wp-block-image size-full is-resized\"><a href=\"https:\/\/i0.wp.com\/gereonskeukenthuis.nl\/blog\/wp-content\/uploads\/2023\/10\/382776530_710578597764609_2084636678609636014_n.jpg?ssl=1\"><img data-recalc-dims=\"1\" loading=\"lazy\" decoding=\"async\" width=\"525\" height=\"386\" data-attachment-id=\"39611\" data-permalink=\"https:\/\/gereonskeukenthuis.nl\/blog\/gereons-mag-de-herfsteditie-2023\/382776530_710578597764609_2084636678609636014_n\/\" data-orig-file=\"https:\/\/i0.wp.com\/gereonskeukenthuis.nl\/blog\/wp-content\/uploads\/2023\/10\/382776530_710578597764609_2084636678609636014_n.jpg?fit=960%2C706&amp;ssl=1\" data-orig-size=\"960,706\" data-comments-opened=\"1\" data-image-meta=\"{&quot;aperture&quot;:&quot;0&quot;,&quot;credit&quot;:&quot;&quot;,&quot;camera&quot;:&quot;&quot;,&quot;caption&quot;:&quot;&quot;,&quot;created_timestamp&quot;:&quot;0&quot;,&quot;copyright&quot;:&quot;&quot;,&quot;focal_length&quot;:&quot;0&quot;,&quot;iso&quot;:&quot;0&quot;,&quot;shutter_speed&quot;:&quot;0&quot;,&quot;title&quot;:&quot;&quot;,&quot;orientation&quot;:&quot;0&quot;}\" data-image-title=\"382776530_710578597764609_2084636678609636014_n\" data-image-description=\"\" data-image-caption=\"\" data-large-file=\"https:\/\/i0.wp.com\/gereonskeukenthuis.nl\/blog\/wp-content\/uploads\/2023\/10\/382776530_710578597764609_2084636678609636014_n.jpg?fit=525%2C386&amp;ssl=1\" src=\"https:\/\/i0.wp.com\/gereonskeukenthuis.nl\/blog\/wp-content\/uploads\/2023\/10\/382776530_710578597764609_2084636678609636014_n.jpg?resize=525%2C386&#038;ssl=1\" alt=\"\" class=\"wp-image-39611\" style=\"aspect-ratio:1.3597733711048159;width:526px;height:auto\" srcset=\"https:\/\/i0.wp.com\/gereonskeukenthuis.nl\/blog\/wp-content\/uploads\/2023\/10\/382776530_710578597764609_2084636678609636014_n.jpg?w=960&amp;ssl=1 960w, https:\/\/i0.wp.com\/gereonskeukenthuis.nl\/blog\/wp-content\/uploads\/2023\/10\/382776530_710578597764609_2084636678609636014_n.jpg?resize=300%2C221&amp;ssl=1 300w, https:\/\/i0.wp.com\/gereonskeukenthuis.nl\/blog\/wp-content\/uploads\/2023\/10\/382776530_710578597764609_2084636678609636014_n.jpg?resize=768%2C565&amp;ssl=1 768w\" sizes=\"auto, (max-width: 767px) 89vw, (max-width: 1000px) 54vw, (max-width: 1071px) 543px, 580px\" \/><\/a><figcaption class=\"wp-element-caption\">foto: de foodybox van Kroon op het Werk. Met lila aubergines.<\/figcaption><\/figure>\n\n\n\n<p>Daar was ie weer, een dagje later dan gepland. De herfsteditie van de foodybox van Kroon op het werk. De special reporter van GKT in Zandvoort ging er direct mee aan de slag. Overleg volgde en een recept is bedacht. Met de lila aubergines, die minder bitter zijn, doordat ze minder pitjes bevatten. Een foodybox met een Hollands tintje. Marne mosterd, Opperdoezer ronde, Old Amsterdam en drie soorten pepernoot. Het Franse tintje vind je in de produits van Bonne Maman De potjes van dit confiture merk gooit GKT nooit weg, want gerecycled fleuren zij de Occitaanse keuken op. Tot slot wafels van C\u00e9r\u00e9al. De lila aubergine van Nederlandse teelt is uiterst geschikt voor een Zuid Franse klassieker. Caviar d&#8217;aubergine au lila!<\/p>\n\n\n\n<p><strong>RECEPT.<\/strong> <strong> Caviar d&#8217;aubergine<\/strong><\/p>\n\n\n\n<p>Nodig:<\/p>\n\n\n\n<p>3 lila aubergines<\/p>\n\n\n\n<p>6 teentjes knoflook<\/p>\n\n\n\n<p>2 takjes rozemarijn<\/p>\n\n\n\n<p>2 el olijfolie<\/p>\n\n\n\n<p>1 uitje gesnipperd<\/p>\n\n\n\n<p>zeezout en zwarte peper<\/p>\n\n\n\n<p>dressing van 1 el rode wijnazijn, 3 el olijfolie, peper en zout.<\/p>\n\n\n\n<p>2 tl Proven\u00e7aalse kruiden<\/p>\n\n\n\n<p>1\/2 pakje boter<\/p>\n\n\n\n<p>bieslook<\/p>\n\n\n\n<p>zwarte olijven zonder pit<\/p>\n\n\n\n<p>Bereiding:<\/p>\n\n\n\n<p>Verwarm de oven voor op 200\u00b0 C. Snijd de aubergines in de lengte doormidden. Bestrooi de delen met wat zeezout. Laat de aubergines een kwartiertje staan. dep ze daarna droog met papier. Maak een ruitpatroon in het vruchtvlees. Snijd de teentjes knoflook in stukjes en doe deze tussen de inkepingen. Doe hetzelfde met de naalden van de rozemarijn. Voeg zout en peper toe en schenk er wat olijfolie overheen. Wikkel de aubergines in aluminiumfolie en bak ze 45 tot 50 minuten in de oven tot het vruchtvlees helemaal zacht is. Haal de pakketjes uit de oven en laat iets afkoelen. Hak het vruchtvlees van de aubergines, de knoflooktenen en rozemarijn fijn en doe in een kom. Laat de caviar d\u2019aubergine afkoelen in de ijskast. Snipper een uitje en meng dit door de caviar d\u2019aubergine, Maak een dressing van azijn, olijfolie, Proven\u00e7aalse kruiden, peper en zout en roer deze door de pasta.<\/p>\n\n\n\n<p>Hak de bieslook fijn en roer deze samen met een el grof zeezout door een half pakje zachte boter. Serveer de caviar d\u2019aubergine op vers stokbrood met de boter en olijven.<\/p>\n\n\n\n<figure class=\"wp-block-image size-large is-resized\"><a href=\"https:\/\/i0.wp.com\/gereonskeukenthuis.nl\/blog\/wp-content\/uploads\/2023\/10\/image.png?ssl=1\"><img data-recalc-dims=\"1\" loading=\"lazy\" decoding=\"async\" width=\"525\" height=\"753\" data-attachment-id=\"39612\" data-permalink=\"https:\/\/gereonskeukenthuis.nl\/blog\/gereons-mag-de-herfsteditie-2023\/image-6\/\" data-orig-file=\"https:\/\/i0.wp.com\/gereonskeukenthuis.nl\/blog\/wp-content\/uploads\/2023\/10\/image.png?fit=1116%2C1600&amp;ssl=1\" data-orig-size=\"1116,1600\" data-comments-opened=\"1\" data-image-meta=\"{&quot;aperture&quot;:&quot;0&quot;,&quot;credit&quot;:&quot;&quot;,&quot;camera&quot;:&quot;&quot;,&quot;caption&quot;:&quot;&quot;,&quot;created_timestamp&quot;:&quot;0&quot;,&quot;copyright&quot;:&quot;&quot;,&quot;focal_length&quot;:&quot;0&quot;,&quot;iso&quot;:&quot;0&quot;,&quot;shutter_speed&quot;:&quot;0&quot;,&quot;title&quot;:&quot;&quot;,&quot;orientation&quot;:&quot;0&quot;}\" data-image-title=\"image\" data-image-description=\"\" data-image-caption=\"\" data-large-file=\"https:\/\/i0.wp.com\/gereonskeukenthuis.nl\/blog\/wp-content\/uploads\/2023\/10\/image.png?fit=525%2C753&amp;ssl=1\" src=\"https:\/\/i0.wp.com\/gereonskeukenthuis.nl\/blog\/wp-content\/uploads\/2023\/10\/image-714x1024.png?resize=525%2C753&#038;ssl=1\" alt=\"\" class=\"wp-image-39612\" style=\"aspect-ratio:0.6975;width:368px;height:auto\" srcset=\"https:\/\/i0.wp.com\/gereonskeukenthuis.nl\/blog\/wp-content\/uploads\/2023\/10\/image.png?resize=714%2C1024&amp;ssl=1 714w, https:\/\/i0.wp.com\/gereonskeukenthuis.nl\/blog\/wp-content\/uploads\/2023\/10\/image.png?resize=209%2C300&amp;ssl=1 209w, https:\/\/i0.wp.com\/gereonskeukenthuis.nl\/blog\/wp-content\/uploads\/2023\/10\/image.png?resize=768%2C1101&amp;ssl=1 768w, https:\/\/i0.wp.com\/gereonskeukenthuis.nl\/blog\/wp-content\/uploads\/2023\/10\/image.png?resize=1071%2C1536&amp;ssl=1 1071w, https:\/\/i0.wp.com\/gereonskeukenthuis.nl\/blog\/wp-content\/uploads\/2023\/10\/image.png?w=1116&amp;ssl=1 1116w\" sizes=\"auto, (max-width: 525px) 100vw, 525px\" \/><\/a><figcaption class=\"wp-element-caption\">foto: nazomeren Nina Parker in St. Tropez.<\/figcaption><\/figure>\n\n\n\n<p><\/p>\n\n\n\n<p><strong>Het kookboek Nina St. Tropez met meer lekkere idee\u00ebn voor je  ap\u00e9ro!  <\/strong>&#8220;Elke keer als wij de grote rotonde van de D98 oprijden, met in het midden de grote G\u00e9ant Casino, vertel ik het zelfde verhaal. Over de indrukken als kind. We waren er bijna, geen slaapplek meer te krijgen in het stadje. Dus dan maar tussen de wijnranken bij de boer. (met alleen een wasbak) Mijn broertje claimde de tent voor zichzelf, Ik werd &nbsp;voor twee weken verbannen naar de achterbank van de auto. Maar dat mocht de pret niet drukken. We waren in Saint Tropez. Dat was de eerste keer zo\u2019n 45 jaar geleden. Sindsdien ben ik er regelmatig terug geweest in elk jaargetijde. En ik ben nog steeds fan van het stadje en de omgeving.&#8221; <a href=\"https:\/\/gereonskeukenthuis.nl\/blog\/nina-saint-tropez\/\">Lees meer<\/a><\/p>\n\n\n\n<p><em>Nina Saint Tropez is een uitgave van Karakter uitgevers.<\/em><\/p>\n\n\n<div class=\"wp-block-image\">\n<figure class=\"aligncenter size-full is-resized\"><a href=\"https:\/\/i0.wp.com\/gereonskeukenthuis.nl\/blog\/wp-content\/uploads\/2023\/10\/david-charles-terry.jpg?ssl=1\"><img data-recalc-dims=\"1\" loading=\"lazy\" decoding=\"async\" width=\"525\" height=\"583\" data-attachment-id=\"39601\" data-permalink=\"https:\/\/gereonskeukenthuis.nl\/blog\/gereons-mag-de-herfsteditie-2023\/david-charles-terry\/\" data-orig-file=\"https:\/\/i0.wp.com\/gereonskeukenthuis.nl\/blog\/wp-content\/uploads\/2023\/10\/david-charles-terry.jpg?fit=811%2C901&amp;ssl=1\" data-orig-size=\"811,901\" data-comments-opened=\"1\" data-image-meta=\"{&quot;aperture&quot;:&quot;0&quot;,&quot;credit&quot;:&quot;&quot;,&quot;camera&quot;:&quot;&quot;,&quot;caption&quot;:&quot;&quot;,&quot;created_timestamp&quot;:&quot;0&quot;,&quot;copyright&quot;:&quot;&quot;,&quot;focal_length&quot;:&quot;0&quot;,&quot;iso&quot;:&quot;0&quot;,&quot;shutter_speed&quot;:&quot;0&quot;,&quot;title&quot;:&quot;&quot;,&quot;orientation&quot;:&quot;0&quot;}\" data-image-title=\"david-charles-terry\" data-image-description=\"\" data-image-caption=\"\" data-large-file=\"https:\/\/i0.wp.com\/gereonskeukenthuis.nl\/blog\/wp-content\/uploads\/2023\/10\/david-charles-terry.jpg?fit=525%2C583&amp;ssl=1\" src=\"https:\/\/i0.wp.com\/gereonskeukenthuis.nl\/blog\/wp-content\/uploads\/2023\/10\/david-charles-terry.jpg?resize=525%2C583&#038;ssl=1\" alt=\"\" class=\"wp-image-39601\" style=\"width:378px;height:420px\" srcset=\"https:\/\/i0.wp.com\/gereonskeukenthuis.nl\/blog\/wp-content\/uploads\/2023\/10\/david-charles-terry.jpg?w=811&amp;ssl=1 811w, https:\/\/i0.wp.com\/gereonskeukenthuis.nl\/blog\/wp-content\/uploads\/2023\/10\/david-charles-terry.jpg?resize=270%2C300&amp;ssl=1 270w, https:\/\/i0.wp.com\/gereonskeukenthuis.nl\/blog\/wp-content\/uploads\/2023\/10\/david-charles-terry.jpg?resize=768%2C853&amp;ssl=1 768w\" sizes=\"auto, (max-width: 767px) 89vw, (max-width: 1000px) 54vw, (max-width: 1071px) 543px, 580px\" \/><\/a><figcaption class=\"wp-element-caption\">foto: David Charles Terry en zijn man schilderij, hangend op de bank.<\/figcaption><\/figure>\n<\/div>\n\n\n<p><strong>Gastbloggers gezocht!!!!<\/strong> Wees geen couch potato, maar schrijf eens een gastblog voor GKT of een bijdrage voor de volgende editie van Gereons Mag. Ik ben altijd benieuwd naar jullie verhalen, recepten of trouvailles.<\/p>\n\n\n\n<p><strong>De volgende editie van Gereons Mag verschijnt half december en staat in het teken van de eindejaarsfeesten!<\/strong> GKT is benieuwd naar jullie input!<\/p>\n\n\n\n<figure class=\"wp-block-image size-large\"><a href=\"https:\/\/i0.wp.com\/gereonskeukenthuis.nl\/blog\/wp-content\/uploads\/2023\/10\/kerstdam-2022.jpg?ssl=1\"><img data-recalc-dims=\"1\" loading=\"lazy\" decoding=\"async\" width=\"525\" height=\"293\" data-attachment-id=\"39608\" data-permalink=\"https:\/\/gereonskeukenthuis.nl\/blog\/gereons-mag-de-herfsteditie-2023\/kerstdam-2022-2\/\" data-orig-file=\"https:\/\/i0.wp.com\/gereonskeukenthuis.nl\/blog\/wp-content\/uploads\/2023\/10\/kerstdam-2022.jpg?fit=1722%2C960&amp;ssl=1\" data-orig-size=\"1722,960\" data-comments-opened=\"1\" data-image-meta=\"{&quot;aperture&quot;:&quot;0&quot;,&quot;credit&quot;:&quot;&quot;,&quot;camera&quot;:&quot;&quot;,&quot;caption&quot;:&quot;&quot;,&quot;created_timestamp&quot;:&quot;0&quot;,&quot;copyright&quot;:&quot;&quot;,&quot;focal_length&quot;:&quot;0&quot;,&quot;iso&quot;:&quot;0&quot;,&quot;shutter_speed&quot;:&quot;0&quot;,&quot;title&quot;:&quot;&quot;,&quot;orientation&quot;:&quot;0&quot;}\" data-image-title=\"kerstdam-2022\" data-image-description=\"\" data-image-caption=\"\" data-large-file=\"https:\/\/i0.wp.com\/gereonskeukenthuis.nl\/blog\/wp-content\/uploads\/2023\/10\/kerstdam-2022.jpg?fit=525%2C293&amp;ssl=1\" src=\"https:\/\/i0.wp.com\/gereonskeukenthuis.nl\/blog\/wp-content\/uploads\/2023\/10\/kerstdam-2022-1024x571.jpg?resize=525%2C293&#038;ssl=1\" alt=\"\" class=\"wp-image-39608\" srcset=\"https:\/\/i0.wp.com\/gereonskeukenthuis.nl\/blog\/wp-content\/uploads\/2023\/10\/kerstdam-2022.jpg?resize=1024%2C571&amp;ssl=1 1024w, https:\/\/i0.wp.com\/gereonskeukenthuis.nl\/blog\/wp-content\/uploads\/2023\/10\/kerstdam-2022.jpg?resize=300%2C167&amp;ssl=1 300w, https:\/\/i0.wp.com\/gereonskeukenthuis.nl\/blog\/wp-content\/uploads\/2023\/10\/kerstdam-2022.jpg?resize=768%2C428&amp;ssl=1 768w, https:\/\/i0.wp.com\/gereonskeukenthuis.nl\/blog\/wp-content\/uploads\/2023\/10\/kerstdam-2022.jpg?resize=1536%2C856&amp;ssl=1 1536w, https:\/\/i0.wp.com\/gereonskeukenthuis.nl\/blog\/wp-content\/uploads\/2023\/10\/kerstdam-2022.jpg?w=1722&amp;ssl=1 1722w\" sizes=\"auto, (max-width: 767px) 89vw, (max-width: 1000px) 54vw, (max-width: 1071px) 543px, 580px\" \/><\/a><figcaption class=\"wp-element-caption\">foto: De Dam in kersttooi.<\/figcaption><\/figure>\n\n\n\n<p><sub>Noot:&nbsp;De herfsteditie 2023 van Gereons Mag werd mede mogelijk gemaakt door  Van Gogh Museum Amsterdam Lannoo,,&nbsp; Kroon op het Werk,  Pascale Naessens , Annemarie Coopman &amp; Eke Mari\u00ebn, Bertram &amp; de Leeuw, Trudie D\u00fctting,  Cuisine et Vins de France, Onno Kleyn, Nijgh Cuisine, Roberto&#8217;s, Hilton Amsterdam. Joris &amp; Anouck Delanghe, Gilles Goujon, Intermarch\u00e9, David Charles Terry,  C\u00f4t\u00e9 OUEST,  GoodCook, Snoek uitgevers,    Paolo Sacca,  gereonskeukenthuis-archief en Gereons E&amp;W. Alle producten, boeken en andere zaken werden mij als samples gestuurd door de uitgeverijen, pr bureaus en producenten De bespreking hier is mijn eigen mening. Lees ook de&nbsp;<a href=\"http:\/\/gereonskeukenthuis.nl\/blog\/wp-content\/uploads\/2013\/04\/disclaimer.pdf\">disclaimer<\/a><\/sub><\/p>\n","protected":false},"excerpt":{"rendered":"<p>Gereons Mag, de herfsteditie 2023. Het is herfst en er staat veel op de rol op GKT, die nu nog in Occitaanse sferen verkeert. Midden tussen de wijngaarden van de Languedoc, las GKT de wijnverhalen van Onno Kleyn. Ik verheug me al op de nieuwe tentoonstelling in het Van Gogh Museum. Wat is Frankrijk zonder &hellip; <\/p>\n<p class=\"link-more\"><a href=\"https:\/\/gereonskeukenthuis.nl\/blog\/gereons-mag-de-herfsteditie-2023\/\" class=\"more-link\">Lees verder <span class=\"screen-reader-text\">&#8220;Gereons Mag, de herfsteditie 2023.&#8221;<\/span><\/a><\/p>\n","protected":false},"author":2,"featured_media":0,"comment_status":"open","ping_status":"closed","sticky":false,"template":"","format":"standard","meta":{"jetpack_post_was_ever_published":false,"_jetpack_newsletter_access":"","_jetpack_dont_email_post_to_subs":false,"_jetpack_newsletter_tier_id":0,"_jetpack_memberships_contains_paywalled_content":false,"_jetpack_memberships_contains_paid_content":false,"footnotes":"","jetpack_publicize_message":"","jetpack_publicize_feature_enabled":true,"jetpack_social_post_already_shared":true,"jetpack_social_options":{"image_generator_settings":{"template":"highway","default_image_id":0,"font":"","enabled":false},"version":2}},"categories":[5,134,71,74,52,93,37,177,127,50,85,190],"tags":[],"class_list":["post-39589","post","type-post","status-publish","format-standard","hentry","category-acbm","category-amsterdam-living","category-city-flavours","category-cooking-vibes","category-echt-eten","category-foodparade","category-gereons-keuken-thuis","category-gereons-mag","category-herfst","category-italiaans","category-kookboeken","category-occitanie"],"yoast_head":"<!-- This site is optimized with the Yoast SEO plugin v27.5 - https:\/\/yoast.com\/product\/yoast-seo-wordpress\/ -->\n<title>Gereons Mag, de herfsteditie 2023. - Gereons Keuken Thuis<\/title>\n<meta name=\"description\" content=\"Gereons Mag, de herfsteditie 2023. Het is herfst en er staat veel op de rol op GKT, die nu nog in Occitaanse sferen verkeert. Midden tussen de wijngaarden van de Languedoc, las GKT de wijnverhalen van Onno Kleyn. Ik verheug me al op de nieuwe tentoonstelling in het Van Gogh Museum. Wat is Frankrijk zonder een ap\u00e9ro,? Voor deze editie van Gereons Mag ging ik aan de slag met hapjes voor je uitgebreide borrel. Herfst in de Corbi\u00e8res met een recept voor varkenswangen van chef Gilles Goujon. Roberto\u2019s in het Amsterdamse Hilton viert zijn dertigste verjaardag met leuke activiteiten najaar. Een eyecatcher was een boek over duurzamer omgaan met je resources. Iets wat je veel ziet hier in de dorpen op het Franse platteland. Overal zie voor huizen en in schuren rommel, die nog altijd van pas kan komen. GKT vind dat wel inspirerend. Want als ik de berg zie, die hier dagelijks de deur verlaat als vuilnis. Eke Mari\u00ebn en Annemieke Coopmans maakten een mooi nieuw boek Van aardappel tot zeewier, over de kunst van plantaardig koken. De foodybox van Kroon op het Werk arriveerde, zij het een dagje later. Deze editie van Gereons Mag sluit af met en gejodeerd Bretons recept uit het nieuwe boek van Anouck en Joris Delanghe, de uitbaters van B&amp;B la maison blanche aux volets bleus.\" \/>\n<meta name=\"robots\" content=\"index, follow, max-snippet:-1, max-image-preview:large, max-video-preview:-1\" \/>\n<link rel=\"canonical\" href=\"https:\/\/gereonskeukenthuis.nl\/blog\/gereons-mag-de-herfsteditie-2023\/\" \/>\n<meta property=\"og:locale\" content=\"nl_NL\" \/>\n<meta property=\"og:type\" content=\"article\" \/>\n<meta property=\"og:title\" content=\"Gereons Mag, de herfsteditie 2023. - Gereons Keuken Thuis\" \/>\n<meta property=\"og:description\" content=\"Gereons Mag, de herfsteditie 2023. Het is herfst en er staat veel op de rol op GKT, die nu nog in Occitaanse sferen verkeert. Midden tussen de wijngaarden van de Languedoc, las GKT de wijnverhalen van Onno Kleyn. Ik verheug me al op de nieuwe tentoonstelling in het Van Gogh Museum. Wat is Frankrijk zonder een ap\u00e9ro,? Voor deze editie van Gereons Mag ging ik aan de slag met hapjes voor je uitgebreide borrel. Herfst in de Corbi\u00e8res met een recept voor varkenswangen van chef Gilles Goujon. Roberto\u2019s in het Amsterdamse Hilton viert zijn dertigste verjaardag met leuke activiteiten najaar. Een eyecatcher was een boek over duurzamer omgaan met je resources. Iets wat je veel ziet hier in de dorpen op het Franse platteland. Overal zie voor huizen en in schuren rommel, die nog altijd van pas kan komen. GKT vind dat wel inspirerend. Want als ik de berg zie, die hier dagelijks de deur verlaat als vuilnis. Eke Mari\u00ebn en Annemieke Coopmans maakten een mooi nieuw boek Van aardappel tot zeewier, over de kunst van plantaardig koken. De foodybox van Kroon op het Werk arriveerde, zij het een dagje later. Deze editie van Gereons Mag sluit af met en gejodeerd Bretons recept uit het nieuwe boek van Anouck en Joris Delanghe, de uitbaters van B&amp;B la maison blanche aux volets bleus.\" \/>\n<meta property=\"og:url\" content=\"https:\/\/gereonskeukenthuis.nl\/blog\/gereons-mag-de-herfsteditie-2023\/\" \/>\n<meta property=\"og:site_name\" content=\"Gereons Keuken Thuis\" \/>\n<meta property=\"article:publisher\" content=\"http:\/\/www.facebook.com\/gereon.deleeuw\" \/>\n<meta property=\"article:published_time\" content=\"2023-10-14T07:29:56+00:00\" \/>\n<meta property=\"article:modified_time\" content=\"2024-12-10T09:57:48+00:00\" \/>\n<meta property=\"og:image\" content=\"https:\/\/gereonskeukenthuis.nl\/blog\/wp-content\/uploads\/2023\/10\/001-35-1024x675.jpg\" \/>\n<meta name=\"author\" content=\"gereon de leeuw\" \/>\n<meta name=\"twitter:card\" content=\"summary_large_image\" \/>\n<meta name=\"twitter:creator\" content=\"@gereon_DL\" \/>\n<meta name=\"twitter:site\" content=\"@gereon_DL\" \/>\n<meta name=\"twitter:label1\" content=\"Geschreven door\" \/>\n\t<meta name=\"twitter:data1\" content=\"gereon de leeuw\" \/>\n\t<meta name=\"twitter:label2\" content=\"Geschatte leestijd\" \/>\n\t<meta name=\"twitter:data2\" content=\"19 minuten\" \/>\n<script type=\"application\/ld+json\" class=\"yoast-schema-graph\">{\"@context\":\"https:\\\/\\\/schema.org\",\"@graph\":[{\"@type\":\"Article\",\"@id\":\"https:\\\/\\\/gereonskeukenthuis.nl\\\/blog\\\/gereons-mag-de-herfsteditie-2023\\\/#article\",\"isPartOf\":{\"@id\":\"https:\\\/\\\/gereonskeukenthuis.nl\\\/blog\\\/gereons-mag-de-herfsteditie-2023\\\/\"},\"author\":{\"name\":\"gereon de leeuw\",\"@id\":\"https:\\\/\\\/gereonskeukenthuis.nl\\\/blog\\\/#\\\/schema\\\/person\\\/1951fe17bd83814423b907d4bb64fae3\"},\"headline\":\"Gereons Mag, de herfsteditie 2023.\",\"datePublished\":\"2023-10-14T07:29:56+00:00\",\"dateModified\":\"2024-12-10T09:57:48+00:00\",\"mainEntityOfPage\":{\"@id\":\"https:\\\/\\\/gereonskeukenthuis.nl\\\/blog\\\/gereons-mag-de-herfsteditie-2023\\\/\"},\"wordCount\":3078,\"commentCount\":1,\"image\":{\"@id\":\"https:\\\/\\\/gereonskeukenthuis.nl\\\/blog\\\/gereons-mag-de-herfsteditie-2023\\\/#primaryimage\"},\"thumbnailUrl\":\"https:\\\/\\\/gereonskeukenthuis.nl\\\/blog\\\/wp-content\\\/uploads\\\/2023\\\/10\\\/001-35-1024x675.jpg\",\"articleSection\":[\"ACBM\",\"amsterdam living\",\"city flavours\",\"cooking vibes\",\"echt eten\",\"foodparade\",\"gereons keuken thuis\",\"Gereons Mag.\",\"herfst\",\"Italiaans\",\"kookboeken\",\"occitani\u00eb\"],\"inLanguage\":\"nl-NL\",\"potentialAction\":[{\"@type\":\"CommentAction\",\"name\":\"Comment\",\"target\":[\"https:\\\/\\\/gereonskeukenthuis.nl\\\/blog\\\/gereons-mag-de-herfsteditie-2023\\\/#respond\"]}]},{\"@type\":\"WebPage\",\"@id\":\"https:\\\/\\\/gereonskeukenthuis.nl\\\/blog\\\/gereons-mag-de-herfsteditie-2023\\\/\",\"url\":\"https:\\\/\\\/gereonskeukenthuis.nl\\\/blog\\\/gereons-mag-de-herfsteditie-2023\\\/\",\"name\":\"Gereons Mag, de herfsteditie 2023. - Gereons Keuken Thuis\",\"isPartOf\":{\"@id\":\"https:\\\/\\\/gereonskeukenthuis.nl\\\/blog\\\/#website\"},\"primaryImageOfPage\":{\"@id\":\"https:\\\/\\\/gereonskeukenthuis.nl\\\/blog\\\/gereons-mag-de-herfsteditie-2023\\\/#primaryimage\"},\"image\":{\"@id\":\"https:\\\/\\\/gereonskeukenthuis.nl\\\/blog\\\/gereons-mag-de-herfsteditie-2023\\\/#primaryimage\"},\"thumbnailUrl\":\"https:\\\/\\\/gereonskeukenthuis.nl\\\/blog\\\/wp-content\\\/uploads\\\/2023\\\/10\\\/001-35-1024x675.jpg\",\"datePublished\":\"2023-10-14T07:29:56+00:00\",\"dateModified\":\"2024-12-10T09:57:48+00:00\",\"author\":{\"@id\":\"https:\\\/\\\/gereonskeukenthuis.nl\\\/blog\\\/#\\\/schema\\\/person\\\/1951fe17bd83814423b907d4bb64fae3\"},\"description\":\"Gereons Mag, de herfsteditie 2023. Het is herfst en er staat veel op de rol op GKT, die nu nog in Occitaanse sferen verkeert. Midden tussen de wijngaarden van de Languedoc, las GKT de wijnverhalen van Onno Kleyn. Ik verheug me al op de nieuwe tentoonstelling in het Van Gogh Museum. Wat is Frankrijk zonder een ap\u00e9ro,? Voor deze editie van Gereons Mag ging ik aan de slag met hapjes voor je uitgebreide borrel. Herfst in de Corbi\u00e8res met een recept voor varkenswangen van chef Gilles Goujon. Roberto\u2019s in het Amsterdamse Hilton viert zijn dertigste verjaardag met leuke activiteiten najaar. Een eyecatcher was een boek over duurzamer omgaan met je resources. Iets wat je veel ziet hier in de dorpen op het Franse platteland. Overal zie voor huizen en in schuren rommel, die nog altijd van pas kan komen. GKT vind dat wel inspirerend. Want als ik de berg zie, die hier dagelijks de deur verlaat als vuilnis. Eke Mari\u00ebn en Annemieke Coopmans maakten een mooi nieuw boek Van aardappel tot zeewier, over de kunst van plantaardig koken. De foodybox van Kroon op het Werk arriveerde, zij het een dagje later. Deze editie van Gereons Mag sluit af met en gejodeerd Bretons recept uit het nieuwe boek van Anouck en Joris Delanghe, de uitbaters van B&B la maison blanche aux volets bleus.\",\"breadcrumb\":{\"@id\":\"https:\\\/\\\/gereonskeukenthuis.nl\\\/blog\\\/gereons-mag-de-herfsteditie-2023\\\/#breadcrumb\"},\"inLanguage\":\"nl-NL\",\"potentialAction\":[{\"@type\":\"ReadAction\",\"target\":[\"https:\\\/\\\/gereonskeukenthuis.nl\\\/blog\\\/gereons-mag-de-herfsteditie-2023\\\/\"]}]},{\"@type\":\"ImageObject\",\"inLanguage\":\"nl-NL\",\"@id\":\"https:\\\/\\\/gereonskeukenthuis.nl\\\/blog\\\/gereons-mag-de-herfsteditie-2023\\\/#primaryimage\",\"url\":\"https:\\\/\\\/gereonskeukenthuis.nl\\\/blog\\\/wp-content\\\/uploads\\\/2023\\\/10\\\/001-35-1024x675.jpg\",\"contentUrl\":\"https:\\\/\\\/gereonskeukenthuis.nl\\\/blog\\\/wp-content\\\/uploads\\\/2023\\\/10\\\/001-35-1024x675.jpg\"},{\"@type\":\"BreadcrumbList\",\"@id\":\"https:\\\/\\\/gereonskeukenthuis.nl\\\/blog\\\/gereons-mag-de-herfsteditie-2023\\\/#breadcrumb\",\"itemListElement\":[{\"@type\":\"ListItem\",\"position\":1,\"name\":\"Home\",\"item\":\"https:\\\/\\\/gereonskeukenthuis.nl\\\/blog\\\/\"},{\"@type\":\"ListItem\",\"position\":2,\"name\":\"Gereons Mag, de herfsteditie 2023.\"}]},{\"@type\":\"WebSite\",\"@id\":\"https:\\\/\\\/gereonskeukenthuis.nl\\\/blog\\\/#website\",\"url\":\"https:\\\/\\\/gereonskeukenthuis.nl\\\/blog\\\/\",\"name\":\"Gereons Keuken Thuis\",\"description\":\"Fijne verhalen over wijn en spijs voor alledag.\",\"potentialAction\":[{\"@type\":\"SearchAction\",\"target\":{\"@type\":\"EntryPoint\",\"urlTemplate\":\"https:\\\/\\\/gereonskeukenthuis.nl\\\/blog\\\/?s={search_term_string}\"},\"query-input\":{\"@type\":\"PropertyValueSpecification\",\"valueRequired\":true,\"valueName\":\"search_term_string\"}}],\"inLanguage\":\"nl-NL\"},{\"@type\":\"Person\",\"@id\":\"https:\\\/\\\/gereonskeukenthuis.nl\\\/blog\\\/#\\\/schema\\\/person\\\/1951fe17bd83814423b907d4bb64fae3\",\"name\":\"gereon de leeuw\",\"image\":{\"@type\":\"ImageObject\",\"inLanguage\":\"nl-NL\",\"@id\":\"https:\\\/\\\/secure.gravatar.com\\\/avatar\\\/beb7b5ff670f0591c872d4b4776e22422e92d7afcb72e1e1f19c58fb5657f5fe?s=96&r=g\",\"url\":\"https:\\\/\\\/secure.gravatar.com\\\/avatar\\\/beb7b5ff670f0591c872d4b4776e22422e92d7afcb72e1e1f19c58fb5657f5fe?s=96&r=g\",\"contentUrl\":\"https:\\\/\\\/secure.gravatar.com\\\/avatar\\\/beb7b5ff670f0591c872d4b4776e22422e92d7afcb72e1e1f19c58fb5657f5fe?s=96&r=g\",\"caption\":\"gereon de leeuw\"},\"sameAs\":[\"http:\\\/\\\/gereonskeukenthuis.nl\"],\"url\":\"https:\\\/\\\/gereonskeukenthuis.nl\\\/blog\\\/author\\\/gereon-de-leeuw\\\/\"}]}<\/script>\n<!-- \/ Yoast SEO plugin. -->","yoast_head_json":{"title":"Gereons Mag, de herfsteditie 2023. - Gereons Keuken Thuis","description":"Gereons Mag, de herfsteditie 2023. Het is herfst en er staat veel op de rol op GKT, die nu nog in Occitaanse sferen verkeert. Midden tussen de wijngaarden van de Languedoc, las GKT de wijnverhalen van Onno Kleyn. Ik verheug me al op de nieuwe tentoonstelling in het Van Gogh Museum. Wat is Frankrijk zonder een ap\u00e9ro,? Voor deze editie van Gereons Mag ging ik aan de slag met hapjes voor je uitgebreide borrel. Herfst in de Corbi\u00e8res met een recept voor varkenswangen van chef Gilles Goujon. Roberto\u2019s in het Amsterdamse Hilton viert zijn dertigste verjaardag met leuke activiteiten najaar. Een eyecatcher was een boek over duurzamer omgaan met je resources. Iets wat je veel ziet hier in de dorpen op het Franse platteland. Overal zie voor huizen en in schuren rommel, die nog altijd van pas kan komen. GKT vind dat wel inspirerend. Want als ik de berg zie, die hier dagelijks de deur verlaat als vuilnis. Eke Mari\u00ebn en Annemieke Coopmans maakten een mooi nieuw boek Van aardappel tot zeewier, over de kunst van plantaardig koken. De foodybox van Kroon op het Werk arriveerde, zij het een dagje later. Deze editie van Gereons Mag sluit af met en gejodeerd Bretons recept uit het nieuwe boek van Anouck en Joris Delanghe, de uitbaters van B&B la maison blanche aux volets bleus.","robots":{"index":"index","follow":"follow","max-snippet":"max-snippet:-1","max-image-preview":"max-image-preview:large","max-video-preview":"max-video-preview:-1"},"canonical":"https:\/\/gereonskeukenthuis.nl\/blog\/gereons-mag-de-herfsteditie-2023\/","og_locale":"nl_NL","og_type":"article","og_title":"Gereons Mag, de herfsteditie 2023. - Gereons Keuken Thuis","og_description":"Gereons Mag, de herfsteditie 2023. Het is herfst en er staat veel op de rol op GKT, die nu nog in Occitaanse sferen verkeert. Midden tussen de wijngaarden van de Languedoc, las GKT de wijnverhalen van Onno Kleyn. Ik verheug me al op de nieuwe tentoonstelling in het Van Gogh Museum. Wat is Frankrijk zonder een ap\u00e9ro,? Voor deze editie van Gereons Mag ging ik aan de slag met hapjes voor je uitgebreide borrel. Herfst in de Corbi\u00e8res met een recept voor varkenswangen van chef Gilles Goujon. Roberto\u2019s in het Amsterdamse Hilton viert zijn dertigste verjaardag met leuke activiteiten najaar. Een eyecatcher was een boek over duurzamer omgaan met je resources. Iets wat je veel ziet hier in de dorpen op het Franse platteland. Overal zie voor huizen en in schuren rommel, die nog altijd van pas kan komen. GKT vind dat wel inspirerend. Want als ik de berg zie, die hier dagelijks de deur verlaat als vuilnis. Eke Mari\u00ebn en Annemieke Coopmans maakten een mooi nieuw boek Van aardappel tot zeewier, over de kunst van plantaardig koken. De foodybox van Kroon op het Werk arriveerde, zij het een dagje later. Deze editie van Gereons Mag sluit af met en gejodeerd Bretons recept uit het nieuwe boek van Anouck en Joris Delanghe, de uitbaters van B&B la maison blanche aux volets bleus.","og_url":"https:\/\/gereonskeukenthuis.nl\/blog\/gereons-mag-de-herfsteditie-2023\/","og_site_name":"Gereons Keuken Thuis","article_publisher":"http:\/\/www.facebook.com\/gereon.deleeuw","article_published_time":"2023-10-14T07:29:56+00:00","article_modified_time":"2024-12-10T09:57:48+00:00","og_image":[{"url":"https:\/\/gereonskeukenthuis.nl\/blog\/wp-content\/uploads\/2023\/10\/001-35-1024x675.jpg","type":"","width":"","height":""}],"author":"gereon de leeuw","twitter_card":"summary_large_image","twitter_creator":"@gereon_DL","twitter_site":"@gereon_DL","twitter_misc":{"Geschreven door":"gereon de leeuw","Geschatte leestijd":"19 minuten"},"schema":{"@context":"https:\/\/schema.org","@graph":[{"@type":"Article","@id":"https:\/\/gereonskeukenthuis.nl\/blog\/gereons-mag-de-herfsteditie-2023\/#article","isPartOf":{"@id":"https:\/\/gereonskeukenthuis.nl\/blog\/gereons-mag-de-herfsteditie-2023\/"},"author":{"name":"gereon de leeuw","@id":"https:\/\/gereonskeukenthuis.nl\/blog\/#\/schema\/person\/1951fe17bd83814423b907d4bb64fae3"},"headline":"Gereons Mag, de herfsteditie 2023.","datePublished":"2023-10-14T07:29:56+00:00","dateModified":"2024-12-10T09:57:48+00:00","mainEntityOfPage":{"@id":"https:\/\/gereonskeukenthuis.nl\/blog\/gereons-mag-de-herfsteditie-2023\/"},"wordCount":3078,"commentCount":1,"image":{"@id":"https:\/\/gereonskeukenthuis.nl\/blog\/gereons-mag-de-herfsteditie-2023\/#primaryimage"},"thumbnailUrl":"https:\/\/gereonskeukenthuis.nl\/blog\/wp-content\/uploads\/2023\/10\/001-35-1024x675.jpg","articleSection":["ACBM","amsterdam living","city flavours","cooking vibes","echt eten","foodparade","gereons keuken thuis","Gereons Mag.","herfst","Italiaans","kookboeken","occitani\u00eb"],"inLanguage":"nl-NL","potentialAction":[{"@type":"CommentAction","name":"Comment","target":["https:\/\/gereonskeukenthuis.nl\/blog\/gereons-mag-de-herfsteditie-2023\/#respond"]}]},{"@type":"WebPage","@id":"https:\/\/gereonskeukenthuis.nl\/blog\/gereons-mag-de-herfsteditie-2023\/","url":"https:\/\/gereonskeukenthuis.nl\/blog\/gereons-mag-de-herfsteditie-2023\/","name":"Gereons Mag, de herfsteditie 2023. - Gereons Keuken Thuis","isPartOf":{"@id":"https:\/\/gereonskeukenthuis.nl\/blog\/#website"},"primaryImageOfPage":{"@id":"https:\/\/gereonskeukenthuis.nl\/blog\/gereons-mag-de-herfsteditie-2023\/#primaryimage"},"image":{"@id":"https:\/\/gereonskeukenthuis.nl\/blog\/gereons-mag-de-herfsteditie-2023\/#primaryimage"},"thumbnailUrl":"https:\/\/gereonskeukenthuis.nl\/blog\/wp-content\/uploads\/2023\/10\/001-35-1024x675.jpg","datePublished":"2023-10-14T07:29:56+00:00","dateModified":"2024-12-10T09:57:48+00:00","author":{"@id":"https:\/\/gereonskeukenthuis.nl\/blog\/#\/schema\/person\/1951fe17bd83814423b907d4bb64fae3"},"description":"Gereons Mag, de herfsteditie 2023. Het is herfst en er staat veel op de rol op GKT, die nu nog in Occitaanse sferen verkeert. Midden tussen de wijngaarden van de Languedoc, las GKT de wijnverhalen van Onno Kleyn. Ik verheug me al op de nieuwe tentoonstelling in het Van Gogh Museum. Wat is Frankrijk zonder een ap\u00e9ro,? Voor deze editie van Gereons Mag ging ik aan de slag met hapjes voor je uitgebreide borrel. Herfst in de Corbi\u00e8res met een recept voor varkenswangen van chef Gilles Goujon. Roberto\u2019s in het Amsterdamse Hilton viert zijn dertigste verjaardag met leuke activiteiten najaar. Een eyecatcher was een boek over duurzamer omgaan met je resources. Iets wat je veel ziet hier in de dorpen op het Franse platteland. Overal zie voor huizen en in schuren rommel, die nog altijd van pas kan komen. GKT vind dat wel inspirerend. Want als ik de berg zie, die hier dagelijks de deur verlaat als vuilnis. Eke Mari\u00ebn en Annemieke Coopmans maakten een mooi nieuw boek Van aardappel tot zeewier, over de kunst van plantaardig koken. De foodybox van Kroon op het Werk arriveerde, zij het een dagje later. Deze editie van Gereons Mag sluit af met en gejodeerd Bretons recept uit het nieuwe boek van Anouck en Joris Delanghe, de uitbaters van B&B la maison blanche aux volets bleus.","breadcrumb":{"@id":"https:\/\/gereonskeukenthuis.nl\/blog\/gereons-mag-de-herfsteditie-2023\/#breadcrumb"},"inLanguage":"nl-NL","potentialAction":[{"@type":"ReadAction","target":["https:\/\/gereonskeukenthuis.nl\/blog\/gereons-mag-de-herfsteditie-2023\/"]}]},{"@type":"ImageObject","inLanguage":"nl-NL","@id":"https:\/\/gereonskeukenthuis.nl\/blog\/gereons-mag-de-herfsteditie-2023\/#primaryimage","url":"https:\/\/gereonskeukenthuis.nl\/blog\/wp-content\/uploads\/2023\/10\/001-35-1024x675.jpg","contentUrl":"https:\/\/gereonskeukenthuis.nl\/blog\/wp-content\/uploads\/2023\/10\/001-35-1024x675.jpg"},{"@type":"BreadcrumbList","@id":"https:\/\/gereonskeukenthuis.nl\/blog\/gereons-mag-de-herfsteditie-2023\/#breadcrumb","itemListElement":[{"@type":"ListItem","position":1,"name":"Home","item":"https:\/\/gereonskeukenthuis.nl\/blog\/"},{"@type":"ListItem","position":2,"name":"Gereons Mag, de herfsteditie 2023."}]},{"@type":"WebSite","@id":"https:\/\/gereonskeukenthuis.nl\/blog\/#website","url":"https:\/\/gereonskeukenthuis.nl\/blog\/","name":"Gereons Keuken Thuis","description":"Fijne verhalen over wijn en spijs voor alledag.","potentialAction":[{"@type":"SearchAction","target":{"@type":"EntryPoint","urlTemplate":"https:\/\/gereonskeukenthuis.nl\/blog\/?s={search_term_string}"},"query-input":{"@type":"PropertyValueSpecification","valueRequired":true,"valueName":"search_term_string"}}],"inLanguage":"nl-NL"},{"@type":"Person","@id":"https:\/\/gereonskeukenthuis.nl\/blog\/#\/schema\/person\/1951fe17bd83814423b907d4bb64fae3","name":"gereon de leeuw","image":{"@type":"ImageObject","inLanguage":"nl-NL","@id":"https:\/\/secure.gravatar.com\/avatar\/beb7b5ff670f0591c872d4b4776e22422e92d7afcb72e1e1f19c58fb5657f5fe?s=96&r=g","url":"https:\/\/secure.gravatar.com\/avatar\/beb7b5ff670f0591c872d4b4776e22422e92d7afcb72e1e1f19c58fb5657f5fe?s=96&r=g","contentUrl":"https:\/\/secure.gravatar.com\/avatar\/beb7b5ff670f0591c872d4b4776e22422e92d7afcb72e1e1f19c58fb5657f5fe?s=96&r=g","caption":"gereon de leeuw"},"sameAs":["http:\/\/gereonskeukenthuis.nl"],"url":"https:\/\/gereonskeukenthuis.nl\/blog\/author\/gereon-de-leeuw\/"}]}},"jetpack_publicize_connections":[],"jetpack_featured_media_url":"","jetpack_shortlink":"https:\/\/wp.me\/p39CAa-aix","jetpack-related-posts":[],"jetpack_likes_enabled":true,"jetpack_sharing_enabled":true,"_links":{"self":[{"href":"https:\/\/gereonskeukenthuis.nl\/blog\/wp-json\/wp\/v2\/posts\/39589","targetHints":{"allow":["GET"]}}],"collection":[{"href":"https:\/\/gereonskeukenthuis.nl\/blog\/wp-json\/wp\/v2\/posts"}],"about":[{"href":"https:\/\/gereonskeukenthuis.nl\/blog\/wp-json\/wp\/v2\/types\/post"}],"author":[{"embeddable":true,"href":"https:\/\/gereonskeukenthuis.nl\/blog\/wp-json\/wp\/v2\/users\/2"}],"replies":[{"embeddable":true,"href":"https:\/\/gereonskeukenthuis.nl\/blog\/wp-json\/wp\/v2\/comments?post=39589"}],"version-history":[{"count":13,"href":"https:\/\/gereonskeukenthuis.nl\/blog\/wp-json\/wp\/v2\/posts\/39589\/revisions"}],"predecessor-version":[{"id":40630,"href":"https:\/\/gereonskeukenthuis.nl\/blog\/wp-json\/wp\/v2\/posts\/39589\/revisions\/40630"}],"wp:attachment":[{"href":"https:\/\/gereonskeukenthuis.nl\/blog\/wp-json\/wp\/v2\/media?parent=39589"}],"wp:term":[{"taxonomy":"category","embeddable":true,"href":"https:\/\/gereonskeukenthuis.nl\/blog\/wp-json\/wp\/v2\/categories?post=39589"},{"taxonomy":"post_tag","embeddable":true,"href":"https:\/\/gereonskeukenthuis.nl\/blog\/wp-json\/wp\/v2\/tags?post=39589"}],"curies":[{"name":"wp","href":"https:\/\/api.w.org\/{rel}","templated":true}]}}