{"id":38908,"date":"2022-10-15T10:45:30","date_gmt":"2022-10-15T08:45:30","guid":{"rendered":"https:\/\/gereonskeukenthuis.nl\/blog\/?p=38908"},"modified":"2022-10-21T10:36:32","modified_gmt":"2022-10-21T08:36:32","slug":"gereons-mag-de-occitanie-herfsteditie","status":"publish","type":"post","link":"https:\/\/gereonskeukenthuis.nl\/blog\/gereons-mag-de-occitanie-herfsteditie\/","title":{"rendered":"Gereons Mag, de Occitani\u00eb herfsteditie."},"content":{"rendered":"<div class=\"wp-block-image\">\n<figure class=\"aligncenter\"><a href=\"https:\/\/www.blogger.com\/blog\/post\/edit\/1436673581964634298\/4678514447108630453#\"><img data-recalc-dims=\"1\" decoding=\"async\" src=\"https:\/\/i0.wp.com\/blogger.googleusercontent.com\/img\/b\/R29vZ2xl\/AVvXsEiEdyrEzcwIfyUzbrInNL01579SRSkxlBvGVCEKNLDHoeGqqvAIPfIv3rXKcz_K4zoIVGaBdyEutV5lqTmaCiwtGUKmupC6W4HxKe1LwQGa5HXUG-nXnS_33Lji4lJDJrdEyVYSvnT-5Gx8_8YAL_xqa0i5g1MNm0AxDo_2Xuhwv0ZkRPMdje-aGmOX4g\/s320\/keuken%20quarante.jpg?w=525&#038;ssl=1\" alt=\"\"\/><\/a><figcaption>foto: De keuken van GKT in Occitani\u00eb.<\/figcaption><\/figure>\n<\/div>\n\n\n<p><strong>Gereons Mag, de Occitani\u00eb herfsteditie.\u00a0<\/strong>Occitani\u00eb is een regio in Zuidwest Frankrijk, die ontstaan is door samenvoeging van Midi-Pyren\u00e9es en Languedoc-Roussillon. Gebaseerd op de taal Occitaans, taal van de troubadours, katharen en boeren in deze streek. Een streek met zuiderse flair, uitgestrekte wijngaarden, mooie steden als Toulouse, Montpellier of het Catalaanse Perpinya, de Middellandse Zee, hoge bergen en veel zon. Een heerlijke streek, waar Gereons Keuken Thuis in de nabije toekomst veel vaker gaat neerstrijken. Een belofte voor veel nieuwe avonturen. In deze editie niet alleen Occitaanse onderwerpen, maar ook leuke tips voor de herfst in Nederland, zoals een tentoonstelling in het Amsterdamse Van Gogh Museum en de 35e editie van PAN in november. Lekkere producten en reistips in Occitani\u00eb. Oesters uit Bouzigues en vermout uit Marseillan. En natuurlijk recepten uit het nieuwe kookboek van Pascale Naessens, voor pompoensoep van George Sand, rouzolle uit de Pyrenee\u00ebn en van foodbloggers.<\/p>\n\n\n\n<figure class=\"wp-block-image\"><a href=\"https:\/\/www.blogger.com\/blog\/post\/edit\/1436673581964634298\/4678514447108630453#\"><img data-recalc-dims=\"1\" decoding=\"async\" src=\"https:\/\/i0.wp.com\/blogger.googleusercontent.com\/img\/b\/R29vZ2xl\/AVvXsEhUGtRjK9LQRXnpcTat6a0twT4kjbFOreM4vAPK9QectjQ2jaIijQKoDujlvie5CE2m4G2WLD5y__9ObyzH2GZEVy2rEBXMeN416wpyjWN3GH2YHDfWW_6zoLI5dR2faLnnCxVhfRaP18HV_u_YRPtDKzY4SIch2beWJO7YXuDBMkqFTbgaHNnEzi4oQw\/s320\/noilly%20prat%20ambr%C3%A9.jpg?w=525&#038;ssl=1\" alt=\"\"\/><\/a><figcaption>foto: Noilly Prat Ambr\u00e9.<\/figcaption><\/figure>\n\n\n\n<p><strong>Noilly Prat Ambr\u00e9.&nbsp;<\/strong>Als je in de haven van Marseillan bent ontkom je niet aan het bekende Franse vermout-bedrijf <a href=\"https:\/\/boutique.noillyprat.com\/collections\/vermouths\/products\/noilly-prat-ambre-x1\">Noilly Prat<\/a>. In rijen op de binnenplaats staan de tonnen met wijn en kruiden te stoven in de Occitaans mediterrane zon. Gereons Keuken Thuis vindt het altijd leuk om een kijkje te nemen en een fles rood, droog wit of -zoals deze keer- ambr\u00e9 mee te nemen. Gemaakt van 13 verschillende kruiden van over de hele wereld, rozenknoppen uit Marokko, kardemom uit India en kaneel uit Sri Lanka. Een heerlijk aperitief of bij een selectie van kazen uit de Loz\u00ebre, die in Cazouls l\u00e8s B\u00e9ziers op de donderdagmarkt worden verkocht.<\/p>\n\n\n<div class=\"wp-block-image\">\n<figure class=\"aligncenter\"><a href=\"https:\/\/www.blogger.com\/blog\/post\/edit\/1436673581964634298\/4678514447108630453#\"><img data-recalc-dims=\"1\" decoding=\"async\" src=\"https:\/\/i0.wp.com\/blogger.googleusercontent.com\/img\/b\/R29vZ2xl\/AVvXsEjixYiW5jsWhIvem9byY4HmNXzlhgADBSybf8oaQz4kO4yG3kgCcURwIf0Mc6nFvNKgMWYXJF4Buvpl_3RVE9gkmHhKC2lyPUS2Du14w38VaYo6c3ZXq29ExLOywWZxtZ-A0R0-3vCeg-boz1iw2_mRxc8nHUVow--8qXys8SyWpIJE1k7RfU4VjsDAtQ\/s320\/les%20yuccas%207.jpg?w=525&#038;ssl=1\" alt=\"\"\/><\/a><figcaption>foto: view vanuit g\u00eete les Yuccas<\/figcaption><\/figure>\n<\/div>\n\n\n<figure class=\"wp-block-image\"><a href=\"https:\/\/www.blogger.com\/blog\/post\/edit\/1436673581964634298\/4678514447108630453#\"><img data-recalc-dims=\"1\" decoding=\"async\" src=\"https:\/\/i0.wp.com\/blogger.googleusercontent.com\/img\/b\/R29vZ2xl\/AVvXsEgA1XPWAils2iBfpfILF-4nztQo1knamdeOHpcx96-1faPQlXJNti0EFv75EVXsl-SrN3ZKNXtXlk5qvJFIIglqmDsth02zy178xSCXZuS3YzaRRQfI8sa8ZkBuFf8ppjDMWGAsUMGzJlEY9xoxxc5Horufj44HHqi9QDU2NTgd1UFVhodmyo0fRSRfMg\/s320\/les%20yuccas%208.jpg?w=525&#038;ssl=1\" alt=\"\"\/><\/a><figcaption>foto: 50 jaar oude yucca&#8217;s<\/figcaption><\/figure>\n\n\n\n<p><strong>Les Yuccas,<\/strong>&nbsp;Un petit coin du Paradis kun je het noemen, deze heerlijke g\u00eete in een oud wijnboerenhuis in Cazouls l\u00e8s B\u00e9ziers. Een fijn klein appartement met privacy en zicht op de mooie tuin met een zwembad, waar GKT tot verbazing van de eigenaar elke dag in zwom. Voor Franse begrippen een koude bedoening. Hartelijke ontvangst door gastvrouw Cathy, die ervoor zorgt, dat het je aan niets ontbreekt en veel leuke tips geeft voor uitstapjes in de omgeving. Van wandelen in de bergen tot markten vol brocante. Of bezoek eens een wijndomein. Ook zin om er eens uit te zijn: <a href=\"https:\/\/gereonskeukenthuis.nl\/blog\/ik-eet-zo-graag-2\/\">boeken kun je hier<\/a>.<\/p>\n\n\n<div class=\"wp-block-image\">\n<figure class=\"aligncenter\"><a href=\"https:\/\/www.blogger.com\/blog\/post\/edit\/1436673581964634298\/4678514447108630453#\"><img data-recalc-dims=\"1\" decoding=\"async\" src=\"https:\/\/i0.wp.com\/blogger.googleusercontent.com\/img\/b\/R29vZ2xl\/AVvXsEggIYLdtBWlUlqaBWjJJLJfzsK-kLzhOwFlFw69YkKvR6HkXUCoF-vz1kRNzyPfJoIumPdLa03fU96ZyVoWE6dh-_iSrwZP5L6MWcVPMRHt3USwqZ8JvqGMoS70xgyBGMNd-7FSN_U6vPR9Z7JARnyIgCQ5rxpVJgfiXxgHyQP2hqZVD_Z82JQCe_2qow\/s320\/clafoutis%202%20kopie.jpg?w=525&#038;ssl=1\" alt=\"\"\/><\/a><figcaption>foto: de calfoutis van Pascale Naessens<\/figcaption><\/figure>\n<\/div>\n\n\n<p><strong>RECEPT<\/strong>&nbsp;Clafoutis met blauwe bessen uit <a href=\"https:\/\/gereonskeukenthuis.nl\/blog\/ik-eet-zo-graag-2\/\">Ik eet zo graag 2<\/a> van Pascale Naessens. <\/p>\n\n\n\n<p>&#8220;De originele Franse clafoutis wordt gemaakt met kersen, maar een clafoutis met frambozen, blauwe bessen en bramen vind ik wel heel speciaal. Het is een van mijn lievelingsdesserts: fris en smeu\u00efg, een mooi kleurenpalet en het kan niet mislukken.&#8221;, aldus Pascale in haar nieuwe kookboek.<\/p>\n\n\n\n<p>Nodig:&nbsp;<\/p>\n\n\n\n<p>250 g bessen (frambozen, blauwe bessen en bramen)<br>200 g kokosmelk (consistentie zoals pannenkoekendeeg)<br>3 eieren<br>20 g amandelmeel<br>2 afgestreken eetlepels kokosmeel (12 g)<br>1 vanillestokje (of vanille-extract)<br>suiker (zie tip)<\/p>\n\n\n\n<p>Bereiding:&nbsp;<\/p>\n\n\n\n<p>Verwarm de oven voor op 180 \u00b0C.\u00a0Meng het amandelmeel met het kokosmeel en de suiker.<br>Meng de kokosmelk en de eieren met een handmixer. Snijd het vanillestokje in de lengte open, schraap de vanille eruit en voeg toe. Voeg ook de droge ingredi\u00ebnten toe en mix tot een homogene massa. Spatel er driekwart van de bessen door.\u00a0Bekleed een springvorm met bakpapier en giet daarin het deeg. Leg er de rest van de bessen op. Zet 45 tot 50 minuten in de oven. Check regelmatig op het einde zodat de bovenkant niet verbrandt. Zet in dat geval de temperatuur wat lager, op 160 \u00b0C. Belangrijk is dat de taart ook in het midden gaar is. Serveer lauwwarm of koud. Het is hoe dan ook erg lekker.<\/p>\n\n\n\n<figure class=\"wp-block-image\"><a href=\"https:\/\/www.blogger.com\/blog\/post\/edit\/1436673581964634298\/4678514447108630453#\"><img data-recalc-dims=\"1\" decoding=\"async\" src=\"https:\/\/i0.wp.com\/blogger.googleusercontent.com\/img\/b\/R29vZ2xl\/AVvXsEhgOds7FKj-oERFuVQIsxa2eQnoQDE7qPRYzwEvpMckRUs_0Zll2fYp8YYXUrhx4xHXCIYfIDkR0vctDsMtqY-YMjluqTi47WflfJ4Pzx1JZZ51cigJLmLvSei-prviEfy0ej7eqBxF25RAX6dXFdGPtY5__nVps2L1HHd0i4-v01mKOeiay_p0f9cVCg\/s320\/klimt.jpg?w=525&#038;ssl=1\" alt=\"\"\/><\/a><figcaption>foto: werken van Klimt in het Van Gogh Museum<\/figcaption><\/figure>\n\n\n\n<p><br><strong>Golden Boy Gustav Klimt.<\/strong>&nbsp;Vanaf 7 oktober 2022 tot en met 8 januari 2023 is in het Van Gogh Museum de tentoonstelling Golden Boy Gustav Klimt, inspired by Van Gogh, Rodin, Matisse&#8230; te zien. Klimt is beroemd door zijn schilderijen van sterke vrouwen, stevige symboliek en het gebruik van goud en decoratieve elementen. Waar haalde deze kunstenaar zijn inspiratie vandaan? Onder andere door te kijken naar andere kunstenaars. Het Van Gogh Museum laat de bezoekers van deze tentoonstelling Klimts werk tussen zijn inspiratiebronnen zien. Nog nooit was er zo&#8217;n grote overzichtstentoonstelling in Nederland van de iconische werken van Klimt. Een mooi start van het 50 jarig jubileum in 2023 van dit museum. Een unieke samenwerking met het Belved\u00e8re in Wenen. <a href=\"https:\/\/www.vangoghmuseum.nl\/en\/visit\/whats-on\/exhibitions\/golden-boy-gustav-klimt\">Plan je bezoek<\/a>.<\/p>\n\n\n<div class=\"wp-block-image\">\n<figure class=\"aligncenter\"><a href=\"https:\/\/www.blogger.com\/blog\/post\/edit\/1436673581964634298\/4678514447108630453#\"><img data-recalc-dims=\"1\" decoding=\"async\" src=\"https:\/\/i0.wp.com\/blogger.googleusercontent.com\/img\/b\/R29vZ2xl\/AVvXsEhBulrcawXmtCHYgcysFOla-7bhLtdD4CR7vhnDU3QLPeOmzXPpuyjh4YLbUWGAFJtZOKmhpJfhx6tFAIe2CP8pWCR1jLI-sN2kspp5N58ikWaVj-hBF0PNeYRB0lk2xXxjRugumAhAnepDO9wXlp3JoZ7Ktj2Y6JB2CJfy7Kr8T7eihk0HZlceY915ZA\/s320\/bouzigues%203.jpg?w=525&#038;ssl=1\" alt=\"\"\/><\/a><figcaption>foto: Etang du Thau<\/figcaption><\/figure>\n<\/div>\n\n\n<figure class=\"wp-block-image\"><a href=\"https:\/\/www.blogger.com\/blog\/post\/edit\/1436673581964634298\/4678514447108630453#\"><img data-recalc-dims=\"1\" decoding=\"async\" src=\"https:\/\/i0.wp.com\/blogger.googleusercontent.com\/img\/b\/R29vZ2xl\/AVvXsEjDdHVavw3FeQjGseIeeuAjB2iKerkIn5NbrqZdEc4OntqpF7ioB0IV75NL6cP8J-cFaq70HK815VB1ySOdXwf_3ZtDdP9hdkfgj92FMRuwYdgpU7mxeMu85O4g2Gln--cY0qlngxJwOWYJBiNepfp1x5TFMmWkeUAoQPo05Mmv4H3XplWbrDI-kkTOxA\/s320\/oesters.jpg?w=525&#038;ssl=1\" alt=\"\"\/><\/a><figcaption>foto: cover Het Oester Boek.<\/figcaption><\/figure>\n\n\n\n<p><strong>Oesters uit Zeeland en Bouzigues<\/strong>. Tijdens de Occitaanse weken mag een bezoek aan Bouzigues, hoofdstad van de Zuid Franse oesterteelt, niet ontbreken. GKT vindt het lijken op het Zeeuwse Yerseke. In het Bassin du Thau, achter de spoordijk en weg van Agde naar S\u00e8te, die deze lagune afsluit van de Middellandse Zee worden mosselen en oesters gekweekt, die lokaal direct voor consumptie te krijgen zijn. Oesters in alle soorten en maten, je vindt ze op alle Occitaanse markten. Lekker met de lokale witte picpoul de pinet wijn, waarvan de duiven, heel bijzonder, op zandgronden wordt geteeld. In Nederland is inmiddels het Zeeuwse oesterseizoen ook gestart. Meer over Het Oester Boek, dat op 22 september jl. verscheen, is later te lezen op Gereons Keuken Thuis. Uitgave van <a href=\"https:\/\/www.lannoo.be\/nl\/het-oesterboek\">Lannoo<\/a><\/p>\n\n\n\n<p><\/p>\n\n\n\n<figure class=\"wp-block-video\"><video height=\"368\" style=\"aspect-ratio: 640 \/ 368;\" width=\"640\" controls src=\"https:\/\/gereonskeukenthuis.nl\/blog\/wp-content\/uploads\/2022\/10\/311702240_8932816370077636_85396509702687187_n.mp4\"><\/video><figcaption>video: vis op de markt van Narbonne.<\/figcaption><\/figure>\n\n\n\n<figure class=\"wp-block-image\"><a href=\"https:\/\/www.blogger.com\/blog\/post\/edit\/1436673581964634298\/4678514447108630453#\"><img data-recalc-dims=\"1\" decoding=\"async\" src=\"https:\/\/i0.wp.com\/blogger.googleusercontent.com\/img\/b\/R29vZ2xl\/AVvXsEi3-JE_sHvaBjhb_N6nwTqakJp9wD2nYtyKQbReByPrFes9iExF2v7Nemdk-xmFauKBfwhUF3QGWY76x3-IlMkFq-p00ZA8RIExMIWgNOfP7W4v90I0UigXJHmGy2Hdh9hsfjMR0O_IIWvriN9e6eeW8AzNtDd87pyrx7XtcbKiIMJn0dMN-ffs14wqpw\/s1600\/cahors.jpg?w=525&#038;ssl=1\" alt=\"\"\/><\/a><figcaption>foto: sfeer in Cahors<\/figcaption><\/figure>\n\n\n\n<p><strong>CAHORS in de herfst.&nbsp;<\/strong>Deze stad gelegen in het noordwesten van Occitani\u00eb is een heerlijke plek om tijdens de herfstvakantie te verblijven. Neem wel een dik jack mee, want een avondwandeling langs de rivier de <a href=\"https:\/\/www.tourisme-lot.com\/\">Lot<\/a> kan fris zijn. De provincie Lot is de kleinste van&nbsp; de dertien, die samen Occitani\u00eb vormen. Cahors is het hart van de Quercy en er zijn langs de rivier en door de heuvels mooie uitstapjes te maken naar o.a. Saint Cirque Lapopie en het beroemde Rocamadour. Cahors zelf kent een groot aantal mooie monumenten van Romeinse en Middeleeuwse oorsprong, zoals de Pont Valentr\u00e9, waar eerder de legende al stond op GKT. Natuurlijk vind je er ook de donkere rode wijnen, gemaakt van de Malbec druif.<\/p>\n\n\n<div class=\"wp-block-image\">\n<figure class=\"aligncenter\"><a href=\"https:\/\/www.blogger.com\/blog\/post\/edit\/1436673581964634298\/4678514447108630453#\"><img data-recalc-dims=\"1\" decoding=\"async\" src=\"https:\/\/i0.wp.com\/blogger.googleusercontent.com\/img\/b\/R29vZ2xl\/AVvXsEhAoWiOp9N-W0B9L0WQZzcMw-TW9gobb01F9hi3bWH9Uy1Iuf_dFan1CqK6AGH4ZR7z5m_HX1nJve04xX7JeukDanf-ni8NnkXx_D8fjXM1cLEO7d0tr9tijqXJU8IIaZHY2lfC9frjw_DRIRmB20xPYUAyiCYjZ-CZiGzGJ8xbUau65REG68Xw1-vy5g\/s1600\/sand%205.jpg?w=525&#038;ssl=1\" alt=\"\"\/><\/a><figcaption>foto: pompoensoep \u00e0 la Geroge Sand.<\/figcaption><\/figure>\n<\/div>\n\n\n<p><strong>RECEPT&nbsp;<\/strong>Potage \u00e0 la pur\u00e9e de potiron et toasts de foie gras. Dit gerecht kwam regelmatig bij schrijsfter George Sand op tafel.<\/p>\n\n\n\n<p>Nodig:<\/p>\n\n\n\n<p>1,5&nbsp; kg pompoen<\/p>\n\n\n\n<p>150 g rondkorrelrijst<\/p>\n\n\n\n<p>750 ml water of kippen\/gevogeltebouillon<\/p>\n\n\n\n<p>1 l volle melk<\/p>\n\n\n\n<p>4 rietsuikerklontjes<\/p>\n\n\n\n<p>200 g foie gras (mi cuit)<\/p>\n\n\n\n<p>6 geroosterde sneetjes boerenbrood<\/p>\n\n\n\n<p>nootmuskaat<\/p>\n\n\n\n<p>peper &amp; zout<\/p>\n\n\n\n<p>Bereiding:<\/p>\n\n\n\n<p>Schil de pompoen, haal de zaden eruit en snijd in blokjes. Verhit in een grote pan de bouillon of water met een snufje zout. Doe het deksel erop en laat op een zacht vuur 20 minuten koken. Roer van tijd tot tijd door. De pompoen is gaar, zodra hij makkelijk uit elkaar valt. Pureer met en staafmixer. Houd deze soep warm.<\/p>\n\n\n\n<p>Spoel de rijst af en kook deze een half uur in de helft van de volle melk. Wanneer de rijst bijna gaar is voeg je de rest van de melk toe. Verwarm opnieuw en voeg de suikerklantjes toe. Roer deze riz au lait langzaam door de pompoensoep. Met een snuifje nootmuskaat. Giet de soep over in een mooie soepterrine. (vaak te vinden voor een prikkie op Franse brocantes of vide greniers) Rooster de sneden boerenbrood en\u00a0 beleg deze royaal met een plak foie gras.<\/p>\n\n\n\n<p><strong>Wijn erbij:\u00a0<\/strong>een witte viognier CODE van Alma Cercius.<\/p>\n\n\n\n<figure class=\"wp-block-image\"><a href=\"https:\/\/www.blogger.com\/blog\/post\/edit\/1436673581964634298\/4678514447108630453#\"><img data-recalc-dims=\"1\" decoding=\"async\" src=\"https:\/\/i0.wp.com\/blogger.googleusercontent.com\/img\/b\/R29vZ2xl\/AVvXsEjwjDOieX1xva64GIoZCCNjSveLAK9r5ysV_CMHbr7XnZPSYehsolA3Ah5xuT-hvnWZLhw00g2ICzTcllSNtwbFz-NujWlb3v3TgHZN2w0VYTHQAD9eFqohztTf2c9BeTQsFW0j3UV0lYN7YCacV3qI12f3801TTk43mZp5s909pkGlrrXTMFfoqrAHxQ\/s320\/PAN%20Amsterdam%202022.jpg?w=525&#038;ssl=1\" alt=\"\"\/><\/a><figcaption>foto: poster PAN Amsterdam.<\/figcaption><\/figure>\n\n\n\n<p><strong>PAN 35 jaar.&nbsp;<\/strong>Van 20 t\/m 27 november vindt in de Amsterdamse RAI de jubileumeditie van PAN plaats. Een week vol kunst, antiek en design, gepresenteerd door 125 kunsthandelaars, antiquairs en galeriehouders. Bekende verkopers en nieuwe enthousiastelingen staan garant voor een breed spectrum aan kunst. Van oude meesters, die zijn te zien bij buitenlandse tophandelaren tot hedendaags Dutch design. Een aanbod van Antiek tot juwelen of Pop Art. Er is zoveel te beleven op PAN. Er is een nieuwkomerspaviljoen met fotografie. En een uitgebreide programmering van allerlei randactiviteiten. Een spannend vooruitzicht na een afwezigheid van twee jaar. De 35e verjaardag wordt weer een heus spektakel. <a href=\"https:\/\/www.pan.nl\/nl\">Lees meer.<\/a><\/p>\n\n\n\n<figure class=\"wp-block-video\"><video height=\"368\" style=\"aspect-ratio: 640 \/ 368;\" width=\"640\" controls src=\"https:\/\/gereonskeukenthuis.nl\/blog\/wp-content\/uploads\/2022\/10\/311701326_5226663227445576_2440600309345294508_n.mp4\"><\/video><figcaption>foto: een biggetje aan het spit met aligot op de markt van Narbonne.<\/figcaption><\/figure>\n\n\n\n<figure class=\"wp-block-image\"><a href=\"https:\/\/www.blogger.com\/blog\/post\/edit\/1436673581964634298\/4678514447108630453#\"><img data-recalc-dims=\"1\" decoding=\"async\" src=\"https:\/\/i0.wp.com\/blogger.googleusercontent.com\/img\/b\/R29vZ2xl\/AVvXsEiWqVOE2sOrIloG5O9_6SkAl1GRUJ3mM_ZUcUfYz4eCWyoH_2qZfsm37pHBnRdvmcINlsXg6vX-5y3kHN3fA7XDJo1aKuXZVSZpkPrcnVGXLOxgoMKLQI9I7hvnWXfy4k8Cly3SO0Jg2Umb97oWZ3i-W3muJzfqovBNAda6jQwhJKVxT4r6n7rwXyjVWQ\/s320\/thee.jpg?w=525&#038;ssl=1\" alt=\"\"\/><\/a><figcaption>foto: food pairing met thee.<\/figcaption><\/figure>\n\n\n\n<p><strong>THEE.&nbsp;<\/strong>De nuchtere neef van wijn.&nbsp;Net zoals bij zovelen, is THEE voor Gereons Keuken Thuis een onontgonnen gebied. Incidenteel drink ik weleens gemberthee, maar dat is een tisane, of sporadisch Engelse thee met melk en suiker bij ontbijt met spek en bonen. C\u00e9st \u00e7a. Bij Terra verschijnt er een bijzonder boek, gemaakt door een bijzondere vrouw, theesommelier <a href=\"https:\/\/gereonskeukenthuis.nl\/blog\/talk-table-mariella-erkens\/\">Mari\u00eblla Erkens<\/a>. Zij maakte een lijvig werk over THEE in alle facetten.&nbsp;Thee, zo hoor je velen denken, is voor als je ziek bent. Bij eten hoort wijn of eventueel bier. Maar thee?&nbsp; Een hardnekkig vooroordeel, want niets is minder waar. Daarom moest dit boek er komen, vond Mari\u00eblla. Zij schreef THEE, om wereldkundig te maken wat zij zoals over deze drank opstak in haar tien jaar als theesommelier. Een mooi vormgegeven veelbelovend boek voor iedereen, van hobby-kok tot verstokte theeleut. Voor degenen, die meer over thee en de mogelijkheden voor foodparing willen weten. Ook in het Engels verkrijgbaar via <a href=\"https:\/\/www.terralannoo.nl\/nl\/thee\">Terra<\/a>.<\/p>\n\n\n<div class=\"wp-block-image\">\n<figure class=\"aligncenter\"><a href=\"https:\/\/www.blogger.com\/blog\/post\/edit\/1436673581964634298\/4678514447108630453#\"><img data-recalc-dims=\"1\" decoding=\"async\" src=\"https:\/\/i0.wp.com\/blogger.googleusercontent.com\/img\/b\/R29vZ2xl\/AVvXsEhZqq34RZHwpHNQJ60xJIu-JKMvp9THJ76c_NJ7pWEOFPQyl9UHFKfd37dBzH43irN-6Z1ZqnpQXVMW4nJz549Q4TGXztLahSdKVaCcHqNAj0nPp2o8CV3xX7yhYZ0qsvn9wqWEaPpuexLTpvRooAgsi7P9lO38zlwbnCLZP6Aqd-v0K8-Ic1nDGb65UA\/s320\/rouzole-%C2%A9mado-goncalves-ariege-pyrenees-tourisme.jpg?w=525&#038;ssl=1\" alt=\"\"\/><\/a><figcaption>foto: Rouzolle. van Ari\u00e8ge Pyren\u00e9es tourisme.<\/figcaption><\/figure>\n<\/div>\n\n\n<p><a href=\"https:\/\/www.blogger.com\/blog\/post\/edit\/1436673581964634298\/4678514447108630453#\"><\/a><\/p>\n\n\n\n<p><strong>RECEPT.&nbsp;<\/strong>Soupe \u00e0 la rouzolle uit de Ari\u00e8ge. Een hartverwarmende soep uit de Pyrenee\u00ebn die je op herfstdagen direct verwarmt. Rouzolle komt van het Occitaanse woord rosola, wat bruin betekent.<\/p>\n\n\n\n<p>Nodig:<\/p>\n\n\n\n<p>150 g ham-vlees rauw (varken)<\/p>\n\n\n\n<p>150 g ham-vet rauw<\/p>\n\n\n\n<p>6 takjes peterselie<\/p>\n\n\n\n<p>3 tenen knoflook<\/p>\n\n\n\n<p>75 g huisgemaakt paneermeel<\/p>\n\n\n\n<p>3 grote eieren<\/p>\n\n\n\n<p>2 el ganzenvet&nbsp;<\/p>\n\n\n\n<p>1 l heldere groentebouillon of koolsoep<\/p>\n\n\n\n<p>Bereiding:<\/p>\n\n\n\n<p>Hak het varkensvlees en -vet heel fijn, samen met de peterselie en tenen knoflook. Meng het broodkruim en eieren erdoor en maak op smaak met zout &amp; peper. Maak er een platte bal van en laat het geheel 1 \u00e0 2 uur opstijven in de ijskast. Verhit in een pan het ganzenvet en bak de rouzolle om en om in 10 \u00e0 12 minuten bruin en gaar. (in de vorm van een tortilla espa\u00f1ola) Breng de bouillon of koolsoep aan de kook&nbsp; en voeg hieraan de in stukken gesneden rouzolle toe. Laat het geheel nog 10 minuten sudderen. serveer direct in kommen met stevig brood.<\/p>\n\n\n\n<p><strong>Tip:<\/strong> <a href=\"https:\/\/www.ariege.com\/decouvrir-ariege\/les-4-pays-ariegeois\">Ari\u00e8ge Pyren\u00e9es tourisme<\/a><\/p>\n\n\n\n<p><strong>Foodbloggers over Occitani\u00eb.&nbsp;<\/strong>In de Occitani\u00eb herfstedite van Gereons Mag mogen de door foodbloggers in gezonden stukken niet ontbreken.<\/p>\n\n\n\n<figure class=\"wp-block-image\"><a href=\"https:\/\/www.blogger.com\/blog\/post\/edit\/1436673581964634298\/4678514447108630453#\"><img data-recalc-dims=\"1\" decoding=\"async\" src=\"https:\/\/i0.wp.com\/blogger.googleusercontent.com\/img\/b\/R29vZ2xl\/AVvXsEjgU4ksshPN_ZPg8mYIElFKRjJOsr298R7ESsa4i3TdAY8HVatAwdFZ-zOZWn2mRdQSWei9r8CgLLOUCbHzDz7nm6Up9bJ0iUH7Ky_MOdk9zY9KzQFlT6trtbNvWR8oC_cJf9pZ5CFSFRjVkXgmbR_yKdHT3jxXq8krwj2ZQazP5MqncwDU2Aj9RiMbwQ\/s320\/image.png?w=525&#038;ssl=1\" alt=\"\"\/><\/a><figcaption>foto: de ratatouille van Sabine.<\/figcaption><\/figure>\n\n\n\n<p><strong>Foodblogger <\/strong>Sabine de Gaspari dichtte,  in haar reactie op de vraag van GKT naar leuke recepten, de Franse klassieker ratatouille Occitaanse roots toe.<\/p>\n\n\n\n<p>&#8220;Ratatouille is een Franse groenteschotel gemaakt van verse zomerse groenten en heerlijk op smaak gebracht met geurige Proven\u00e7aalse kruiden. Dit traditioneel ratatouille recept combineert aubergine, courgette, paprika, ui, tomaat en knoflook tot een kleurrijk gerecht boordevol smaak dat je meteen in zuiderse sferen brengt.&#8221;&nbsp;<a href=\"https:\/\/www.thetastychilli.com\/nl\/ratatouille-recept-franse-groenteschotel\/?fbclid=IwAR0BO3s8wrInj_TKWMBYA3lvCuWrkGiFC2hrzGcYQAm-kFV0hGJaYvQZAnc\">Lees hier haar recept.<\/a><\/p>\n\n\n<div class=\"wp-block-image\">\n<figure class=\"aligncenter\"><a href=\"https:\/\/www.blogger.com\/blog\/post\/edit\/1436673581964634298\/4678514447108630453#\"><img data-recalc-dims=\"1\" decoding=\"async\" src=\"https:\/\/i0.wp.com\/blogger.googleusercontent.com\/img\/b\/R29vZ2xl\/AVvXsEg1-aNOSY8RIjCJmE316BDs0aTRufZHtgZcmSIGB8Sg-8wZkZd_AwusZls9mac9zsTEmYlbHha0fNOS1LUscdMQVTLqTm5q2UA5Nj7mNoQDSL6mlAOKhg11Bw_4_0lCO7fLD0mVnWui5JTcRN-f5L3sJKkaLyJUWAuNrb4POCqK7CGjPPiWzsjt0goCzg\/s320\/image%20%281%29.png?w=525&#038;ssl=1\" alt=\"\"\/><\/a><figcaption>foto: de mooie Abbaye de Fontfroide.<\/figcaption><\/figure>\n<\/div>\n\n\n<p><strong>Frankrijkblogger Ren\u00e9 Meesters:<\/strong>&nbsp;September is september en in de genoemde regio\u2019s (Elzas en Bretagne) is het weer vergelijkbaar aan dat van ons. Dit jaar ging het dat dus niet worden. Daarom zochten we het verderop in l\u2019Hexagone. De keuze viel op Occitani\u00eb. De streek van Cassoulet, Roquefort en van oesters. Wij verbleven in Narbonne in het departement Aude. Op zo\u2019n drie kwartier van Carcassonne, want daar wilden we zeker naar toe. Vlakbij was ook de zoutwinning in Gruissan &nbsp;De wijngrotten van Terra Vinea&nbsp;in Portel-des-Corbi\u00e8res, de Abbaye de Fontfroide en de prachtige markthal van Narbonne (Les Halles de Narbonne). <a href=\"https:\/\/hetetenisklaar.com\/2019\/10\/08\/occitanie\/\">Lees meer.<\/a><\/p>\n\n\n\n<p><\/p>\n\n\n\n<figure class=\"wp-block-image size-full is-resized\"><a href=\"https:\/\/i0.wp.com\/gereonskeukenthuis.nl\/blog\/wp-content\/uploads\/2022\/10\/kerst2018.jpg?ssl=1\"><img data-recalc-dims=\"1\" loading=\"lazy\" decoding=\"async\" data-attachment-id=\"38913\" data-permalink=\"https:\/\/gereonskeukenthuis.nl\/blog\/gereons-mag-de-occitanie-herfsteditie\/kerst2018\/\" data-orig-file=\"https:\/\/i0.wp.com\/gereonskeukenthuis.nl\/blog\/wp-content\/uploads\/2022\/10\/kerst2018.jpg?fit=960%2C960&amp;ssl=1\" data-orig-size=\"960,960\" data-comments-opened=\"1\" data-image-meta=\"{&quot;aperture&quot;:&quot;0&quot;,&quot;credit&quot;:&quot;&quot;,&quot;camera&quot;:&quot;&quot;,&quot;caption&quot;:&quot;&quot;,&quot;created_timestamp&quot;:&quot;0&quot;,&quot;copyright&quot;:&quot;&quot;,&quot;focal_length&quot;:&quot;0&quot;,&quot;iso&quot;:&quot;0&quot;,&quot;shutter_speed&quot;:&quot;0&quot;,&quot;title&quot;:&quot;&quot;,&quot;orientation&quot;:&quot;0&quot;}\" data-image-title=\"kerst2018\" data-image-description=\"\" data-image-caption=\"\" data-large-file=\"https:\/\/i0.wp.com\/gereonskeukenthuis.nl\/blog\/wp-content\/uploads\/2022\/10\/kerst2018.jpg?fit=525%2C525&amp;ssl=1\" src=\"https:\/\/i0.wp.com\/gereonskeukenthuis.nl\/blog\/wp-content\/uploads\/2022\/10\/kerst2018.jpg?resize=370%2C370&#038;ssl=1\" alt=\"\" class=\"wp-image-38913\" width=\"370\" height=\"370\" srcset=\"https:\/\/i0.wp.com\/gereonskeukenthuis.nl\/blog\/wp-content\/uploads\/2022\/10\/kerst2018.jpg?w=960&amp;ssl=1 960w, https:\/\/i0.wp.com\/gereonskeukenthuis.nl\/blog\/wp-content\/uploads\/2022\/10\/kerst2018.jpg?resize=300%2C300&amp;ssl=1 300w, https:\/\/i0.wp.com\/gereonskeukenthuis.nl\/blog\/wp-content\/uploads\/2022\/10\/kerst2018.jpg?resize=150%2C150&amp;ssl=1 150w, https:\/\/i0.wp.com\/gereonskeukenthuis.nl\/blog\/wp-content\/uploads\/2022\/10\/kerst2018.jpg?resize=768%2C768&amp;ssl=1 768w, https:\/\/i0.wp.com\/gereonskeukenthuis.nl\/blog\/wp-content\/uploads\/2022\/10\/kerst2018.jpg?resize=100%2C100&amp;ssl=1 100w\" sizes=\"auto, (max-width: 370px) 100vw, 370px\" \/><\/a><figcaption>foto: Haarlem in december.<\/figcaption><\/figure>\n\n\n\n<p><strong>De volgende editie van Gereons Mag staat rond 9 december 2022 online met als thema FEEST.<\/strong><\/p>\n\n\n\n<p><sub>Noot:&nbsp;De Occitani\u00eb herfsteditie van Gereons Mag werd mede mogelijk gemaakt door&nbsp;Terra Publishing,, Lannoo, Van Gogh Museum Amsterdam,&nbsp; Pascale Naessens, Les Yuccas, Noilly Prat, Ren\u00e9 Meesters, Sabine de Gaspari, Mari\u00eblla Erkens, Ari\u00e8ge Pyren\u00e9es tourisme, Vall\u00e9e du Lot en Gereons E&amp;W.<\/sub><sub>. Alle producten, boeken en andere zaken werden mij als samples gestuurd door de uitgeverijen, pr bureaus en producenten. De bespreking hier is mijn eigen mening.<\/sub><sub> Lees ook de&nbsp;<a href=\"http:\/\/gereonskeukenthuis.nl\/blog\/wp-content\/uploads\/2013\/04\/disclaimer.pdf\">disclaimer<\/a><\/sub><\/p>\n","protected":false},"excerpt":{"rendered":"<p>Gereons Mag, de Occitani\u00eb herfsteditie.\u00a0Occitani\u00eb is een regio in Zuidwest Frankrijk, die ontstaan is door samenvoeging van Midi-Pyren\u00e9es en Languedoc-Roussillon. Gebaseerd op de taal Occitaans, taal van de troubadours, katharen en boeren in deze streek. Een streek met zuiderse flair, uitgestrekte wijngaarden, mooie steden als Toulouse, Montpellier of het Catalaanse Perpinya, de Middellandse Zee, hoge &hellip; <\/p>\n<p class=\"link-more\"><a href=\"https:\/\/gereonskeukenthuis.nl\/blog\/gereons-mag-de-occitanie-herfsteditie\/\" class=\"more-link\">Lees verder <span class=\"screen-reader-text\">&#8220;Gereons Mag, de Occitani\u00eb herfsteditie.&#8221;<\/span><\/a><\/p>\n","protected":false},"author":2,"featured_media":0,"comment_status":"open","ping_status":"closed","sticky":false,"template":"","format":"standard","meta":{"jetpack_post_was_ever_published":false,"_jetpack_newsletter_access":"","_jetpack_dont_email_post_to_subs":false,"_jetpack_newsletter_tier_id":0,"_jetpack_memberships_contains_paywalled_content":false,"_jetpack_memberships_contains_paid_content":false,"footnotes":"","jetpack_publicize_message":"","jetpack_publicize_feature_enabled":true,"jetpack_social_post_already_shared":true,"jetpack_social_options":{"image_generator_settings":{"template":"highway","default_image_id":0,"font":"","enabled":false},"version":2}},"categories":[131,139,74,52,100,93,47,37,177,87,76,190,17,180],"tags":[],"class_list":["post-38908","post","type-post","status-publish","format-standard","hentry","category-terroirdegereon","category-amsterdam","category-cooking-vibes","category-echt-eten","category-foodbloggers","category-foodparade","category-gereons-keuken-en-route","category-gereons-keuken-thuis","category-gereons-mag","category-lifestyle","category-lubm","category-occitanie","category-productinformatie","category-staycation"],"yoast_head":"<!-- This site is optimized with the Yoast SEO plugin v27.4 - https:\/\/yoast.com\/product\/yoast-seo-wordpress\/ -->\n<title>Gereons Mag, de Occitani\u00eb herfsteditie. - Gereons Keuken Thuis<\/title>\n<meta name=\"description\" content=\"Gereons Mag, de Occitani\u00eb herfsteditie.\u00a0Een heerlijke streek, waar Gereons Keuken Thuis in de nabije toekomst veel meer gaat neerstrijken. Een belofte voor veel nieuwe avonturen. In deze editie niet alleen Occitaanse onderwerpen, maar ook leuke tips voor de herfst in Nederland, zoals een tentoonstelling in het Amsterdamse Van Gogh Museum en de 35e editie van PAN in november. Lekkere producten en reistips in Occitani\u00eb. Oesters uit Bouzigues en vermouth uit Marseillan. En natuurlijk recepten uit het nieuwe kookboek van Pascale Naessens, voor pompoensoep van George Sand, rouzolles uit de Pyrenee\u00ebn en van foodbloggers.\" \/>\n<meta name=\"robots\" content=\"index, follow, max-snippet:-1, max-image-preview:large, max-video-preview:-1\" \/>\n<link rel=\"canonical\" href=\"https:\/\/gereonskeukenthuis.nl\/blog\/gereons-mag-de-occitanie-herfsteditie\/\" \/>\n<meta property=\"og:locale\" content=\"nl_NL\" \/>\n<meta property=\"og:type\" content=\"article\" \/>\n<meta property=\"og:title\" content=\"Gereons Mag, de Occitani\u00eb herfsteditie. - Gereons Keuken Thuis\" \/>\n<meta property=\"og:description\" content=\"Gereons Mag, de Occitani\u00eb herfsteditie.\u00a0Een heerlijke streek, waar Gereons Keuken Thuis in de nabije toekomst veel meer gaat neerstrijken. Een belofte voor veel nieuwe avonturen. In deze editie niet alleen Occitaanse onderwerpen, maar ook leuke tips voor de herfst in Nederland, zoals een tentoonstelling in het Amsterdamse Van Gogh Museum en de 35e editie van PAN in november. Lekkere producten en reistips in Occitani\u00eb. Oesters uit Bouzigues en vermouth uit Marseillan. En natuurlijk recepten uit het nieuwe kookboek van Pascale Naessens, voor pompoensoep van George Sand, rouzolles uit de Pyrenee\u00ebn en van foodbloggers.\" \/>\n<meta property=\"og:url\" content=\"https:\/\/gereonskeukenthuis.nl\/blog\/gereons-mag-de-occitanie-herfsteditie\/\" \/>\n<meta property=\"og:site_name\" content=\"Gereons Keuken Thuis\" \/>\n<meta property=\"article:publisher\" content=\"http:\/\/www.facebook.com\/gereon.deleeuw\" \/>\n<meta property=\"article:published_time\" content=\"2022-10-15T08:45:30+00:00\" \/>\n<meta property=\"article:modified_time\" content=\"2022-10-21T08:36:32+00:00\" \/>\n<meta property=\"og:image\" content=\"https:\/\/blogger.googleusercontent.com\/img\/b\/R29vZ2xl\/AVvXsEiEdyrEzcwIfyUzbrInNL01579SRSkxlBvGVCEKNLDHoeGqqvAIPfIv3rXKcz_K4zoIVGaBdyEutV5lqTmaCiwtGUKmupC6W4HxKe1LwQGa5HXUG-nXnS_33Lji4lJDJrdEyVYSvnT-5Gx8_8YAL_xqa0i5g1MNm0AxDo_2Xuhwv0ZkRPMdje-aGmOX4g\/s320\/keuken%20quarante.jpg\" \/>\n<meta name=\"author\" content=\"gereon de leeuw\" \/>\n<meta name=\"twitter:card\" content=\"summary_large_image\" \/>\n<meta name=\"twitter:creator\" content=\"@gereon_DL\" \/>\n<meta name=\"twitter:site\" content=\"@gereon_DL\" \/>\n<meta name=\"twitter:label1\" content=\"Geschreven door\" \/>\n\t<meta name=\"twitter:data1\" content=\"gereon de leeuw\" \/>\n\t<meta name=\"twitter:label2\" content=\"Geschatte leestijd\" \/>\n\t<meta name=\"twitter:data2\" content=\"14 minuten\" \/>\n<script type=\"application\/ld+json\" class=\"yoast-schema-graph\">{\"@context\":\"https:\\\/\\\/schema.org\",\"@graph\":[{\"@type\":\"Article\",\"@id\":\"https:\\\/\\\/gereonskeukenthuis.nl\\\/blog\\\/gereons-mag-de-occitanie-herfsteditie\\\/#article\",\"isPartOf\":{\"@id\":\"https:\\\/\\\/gereonskeukenthuis.nl\\\/blog\\\/gereons-mag-de-occitanie-herfsteditie\\\/\"},\"author\":{\"name\":\"gereon de leeuw\",\"@id\":\"https:\\\/\\\/gereonskeukenthuis.nl\\\/blog\\\/#\\\/schema\\\/person\\\/1951fe17bd83814423b907d4bb64fae3\"},\"headline\":\"Gereons Mag, de Occitani\u00eb herfsteditie.\",\"datePublished\":\"2022-10-15T08:45:30+00:00\",\"dateModified\":\"2022-10-21T08:36:32+00:00\",\"mainEntityOfPage\":{\"@id\":\"https:\\\/\\\/gereonskeukenthuis.nl\\\/blog\\\/gereons-mag-de-occitanie-herfsteditie\\\/\"},\"wordCount\":2002,\"commentCount\":1,\"image\":{\"@id\":\"https:\\\/\\\/gereonskeukenthuis.nl\\\/blog\\\/gereons-mag-de-occitanie-herfsteditie\\\/#primaryimage\"},\"thumbnailUrl\":\"https:\\\/\\\/blogger.googleusercontent.com\\\/img\\\/b\\\/R29vZ2xl\\\/AVvXsEiEdyrEzcwIfyUzbrInNL01579SRSkxlBvGVCEKNLDHoeGqqvAIPfIv3rXKcz_K4zoIVGaBdyEutV5lqTmaCiwtGUKmupC6W4HxKe1LwQGa5HXUG-nXnS_33Lji4lJDJrdEyVYSvnT-5Gx8_8YAL_xqa0i5g1MNm0AxDo_2Xuhwv0ZkRPMdje-aGmOX4g\\\/s320\\\/keuken%20quarante.jpg\",\"articleSection\":[\"#terroirdegereon\",\"Amsterdam\",\"cooking vibes\",\"echt eten\",\"foodbloggers.\",\"foodparade\",\"Gereons Keuken en route\",\"gereons keuken thuis\",\"Gereons Mag.\",\"lifestyle\",\"LUBM\",\"occitani\u00eb\",\"productinformatie\",\"staycation\"],\"inLanguage\":\"nl-NL\",\"potentialAction\":[{\"@type\":\"CommentAction\",\"name\":\"Comment\",\"target\":[\"https:\\\/\\\/gereonskeukenthuis.nl\\\/blog\\\/gereons-mag-de-occitanie-herfsteditie\\\/#respond\"]}]},{\"@type\":\"WebPage\",\"@id\":\"https:\\\/\\\/gereonskeukenthuis.nl\\\/blog\\\/gereons-mag-de-occitanie-herfsteditie\\\/\",\"url\":\"https:\\\/\\\/gereonskeukenthuis.nl\\\/blog\\\/gereons-mag-de-occitanie-herfsteditie\\\/\",\"name\":\"Gereons Mag, de Occitani\u00eb herfsteditie. - Gereons Keuken Thuis\",\"isPartOf\":{\"@id\":\"https:\\\/\\\/gereonskeukenthuis.nl\\\/blog\\\/#website\"},\"primaryImageOfPage\":{\"@id\":\"https:\\\/\\\/gereonskeukenthuis.nl\\\/blog\\\/gereons-mag-de-occitanie-herfsteditie\\\/#primaryimage\"},\"image\":{\"@id\":\"https:\\\/\\\/gereonskeukenthuis.nl\\\/blog\\\/gereons-mag-de-occitanie-herfsteditie\\\/#primaryimage\"},\"thumbnailUrl\":\"https:\\\/\\\/blogger.googleusercontent.com\\\/img\\\/b\\\/R29vZ2xl\\\/AVvXsEiEdyrEzcwIfyUzbrInNL01579SRSkxlBvGVCEKNLDHoeGqqvAIPfIv3rXKcz_K4zoIVGaBdyEutV5lqTmaCiwtGUKmupC6W4HxKe1LwQGa5HXUG-nXnS_33Lji4lJDJrdEyVYSvnT-5Gx8_8YAL_xqa0i5g1MNm0AxDo_2Xuhwv0ZkRPMdje-aGmOX4g\\\/s320\\\/keuken%20quarante.jpg\",\"datePublished\":\"2022-10-15T08:45:30+00:00\",\"dateModified\":\"2022-10-21T08:36:32+00:00\",\"author\":{\"@id\":\"https:\\\/\\\/gereonskeukenthuis.nl\\\/blog\\\/#\\\/schema\\\/person\\\/1951fe17bd83814423b907d4bb64fae3\"},\"description\":\"Gereons Mag, de Occitani\u00eb herfsteditie.\u00a0Een heerlijke streek, waar Gereons Keuken Thuis in de nabije toekomst veel meer gaat neerstrijken. Een belofte voor veel nieuwe avonturen. In deze editie niet alleen Occitaanse onderwerpen, maar ook leuke tips voor de herfst in Nederland, zoals een tentoonstelling in het Amsterdamse Van Gogh Museum en de 35e editie van PAN in november. Lekkere producten en reistips in Occitani\u00eb. Oesters uit Bouzigues en vermouth uit Marseillan. En natuurlijk recepten uit het nieuwe kookboek van Pascale Naessens, voor pompoensoep van George Sand, rouzolles uit de Pyrenee\u00ebn en van foodbloggers.\",\"breadcrumb\":{\"@id\":\"https:\\\/\\\/gereonskeukenthuis.nl\\\/blog\\\/gereons-mag-de-occitanie-herfsteditie\\\/#breadcrumb\"},\"inLanguage\":\"nl-NL\",\"potentialAction\":[{\"@type\":\"ReadAction\",\"target\":[\"https:\\\/\\\/gereonskeukenthuis.nl\\\/blog\\\/gereons-mag-de-occitanie-herfsteditie\\\/\"]}]},{\"@type\":\"ImageObject\",\"inLanguage\":\"nl-NL\",\"@id\":\"https:\\\/\\\/gereonskeukenthuis.nl\\\/blog\\\/gereons-mag-de-occitanie-herfsteditie\\\/#primaryimage\",\"url\":\"https:\\\/\\\/blogger.googleusercontent.com\\\/img\\\/b\\\/R29vZ2xl\\\/AVvXsEiEdyrEzcwIfyUzbrInNL01579SRSkxlBvGVCEKNLDHoeGqqvAIPfIv3rXKcz_K4zoIVGaBdyEutV5lqTmaCiwtGUKmupC6W4HxKe1LwQGa5HXUG-nXnS_33Lji4lJDJrdEyVYSvnT-5Gx8_8YAL_xqa0i5g1MNm0AxDo_2Xuhwv0ZkRPMdje-aGmOX4g\\\/s320\\\/keuken%20quarante.jpg\",\"contentUrl\":\"https:\\\/\\\/blogger.googleusercontent.com\\\/img\\\/b\\\/R29vZ2xl\\\/AVvXsEiEdyrEzcwIfyUzbrInNL01579SRSkxlBvGVCEKNLDHoeGqqvAIPfIv3rXKcz_K4zoIVGaBdyEutV5lqTmaCiwtGUKmupC6W4HxKe1LwQGa5HXUG-nXnS_33Lji4lJDJrdEyVYSvnT-5Gx8_8YAL_xqa0i5g1MNm0AxDo_2Xuhwv0ZkRPMdje-aGmOX4g\\\/s320\\\/keuken%20quarante.jpg\"},{\"@type\":\"BreadcrumbList\",\"@id\":\"https:\\\/\\\/gereonskeukenthuis.nl\\\/blog\\\/gereons-mag-de-occitanie-herfsteditie\\\/#breadcrumb\",\"itemListElement\":[{\"@type\":\"ListItem\",\"position\":1,\"name\":\"Home\",\"item\":\"https:\\\/\\\/gereonskeukenthuis.nl\\\/blog\\\/\"},{\"@type\":\"ListItem\",\"position\":2,\"name\":\"Gereons Mag, de Occitani\u00eb herfsteditie.\"}]},{\"@type\":\"WebSite\",\"@id\":\"https:\\\/\\\/gereonskeukenthuis.nl\\\/blog\\\/#website\",\"url\":\"https:\\\/\\\/gereonskeukenthuis.nl\\\/blog\\\/\",\"name\":\"Gereons Keuken Thuis\",\"description\":\"Fijne verhalen over wijn en spijs voor alledag.\",\"potentialAction\":[{\"@type\":\"SearchAction\",\"target\":{\"@type\":\"EntryPoint\",\"urlTemplate\":\"https:\\\/\\\/gereonskeukenthuis.nl\\\/blog\\\/?s={search_term_string}\"},\"query-input\":{\"@type\":\"PropertyValueSpecification\",\"valueRequired\":true,\"valueName\":\"search_term_string\"}}],\"inLanguage\":\"nl-NL\"},{\"@type\":\"Person\",\"@id\":\"https:\\\/\\\/gereonskeukenthuis.nl\\\/blog\\\/#\\\/schema\\\/person\\\/1951fe17bd83814423b907d4bb64fae3\",\"name\":\"gereon de leeuw\",\"image\":{\"@type\":\"ImageObject\",\"inLanguage\":\"nl-NL\",\"@id\":\"https:\\\/\\\/secure.gravatar.com\\\/avatar\\\/beb7b5ff670f0591c872d4b4776e22422e92d7afcb72e1e1f19c58fb5657f5fe?s=96&r=g\",\"url\":\"https:\\\/\\\/secure.gravatar.com\\\/avatar\\\/beb7b5ff670f0591c872d4b4776e22422e92d7afcb72e1e1f19c58fb5657f5fe?s=96&r=g\",\"contentUrl\":\"https:\\\/\\\/secure.gravatar.com\\\/avatar\\\/beb7b5ff670f0591c872d4b4776e22422e92d7afcb72e1e1f19c58fb5657f5fe?s=96&r=g\",\"caption\":\"gereon de leeuw\"},\"sameAs\":[\"http:\\\/\\\/gereonskeukenthuis.nl\"],\"url\":\"https:\\\/\\\/gereonskeukenthuis.nl\\\/blog\\\/author\\\/gereon-de-leeuw\\\/\"}]}<\/script>\n<!-- \/ Yoast SEO plugin. -->","yoast_head_json":{"title":"Gereons Mag, de Occitani\u00eb herfsteditie. - Gereons Keuken Thuis","description":"Gereons Mag, de Occitani\u00eb herfsteditie.\u00a0Een heerlijke streek, waar Gereons Keuken Thuis in de nabije toekomst veel meer gaat neerstrijken. Een belofte voor veel nieuwe avonturen. In deze editie niet alleen Occitaanse onderwerpen, maar ook leuke tips voor de herfst in Nederland, zoals een tentoonstelling in het Amsterdamse Van Gogh Museum en de 35e editie van PAN in november. Lekkere producten en reistips in Occitani\u00eb. Oesters uit Bouzigues en vermouth uit Marseillan. En natuurlijk recepten uit het nieuwe kookboek van Pascale Naessens, voor pompoensoep van George Sand, rouzolles uit de Pyrenee\u00ebn en van foodbloggers.","robots":{"index":"index","follow":"follow","max-snippet":"max-snippet:-1","max-image-preview":"max-image-preview:large","max-video-preview":"max-video-preview:-1"},"canonical":"https:\/\/gereonskeukenthuis.nl\/blog\/gereons-mag-de-occitanie-herfsteditie\/","og_locale":"nl_NL","og_type":"article","og_title":"Gereons Mag, de Occitani\u00eb herfsteditie. - Gereons Keuken Thuis","og_description":"Gereons Mag, de Occitani\u00eb herfsteditie.\u00a0Een heerlijke streek, waar Gereons Keuken Thuis in de nabije toekomst veel meer gaat neerstrijken. Een belofte voor veel nieuwe avonturen. In deze editie niet alleen Occitaanse onderwerpen, maar ook leuke tips voor de herfst in Nederland, zoals een tentoonstelling in het Amsterdamse Van Gogh Museum en de 35e editie van PAN in november. Lekkere producten en reistips in Occitani\u00eb. Oesters uit Bouzigues en vermouth uit Marseillan. En natuurlijk recepten uit het nieuwe kookboek van Pascale Naessens, voor pompoensoep van George Sand, rouzolles uit de Pyrenee\u00ebn en van foodbloggers.","og_url":"https:\/\/gereonskeukenthuis.nl\/blog\/gereons-mag-de-occitanie-herfsteditie\/","og_site_name":"Gereons Keuken Thuis","article_publisher":"http:\/\/www.facebook.com\/gereon.deleeuw","article_published_time":"2022-10-15T08:45:30+00:00","article_modified_time":"2022-10-21T08:36:32+00:00","og_image":[{"url":"https:\/\/blogger.googleusercontent.com\/img\/b\/R29vZ2xl\/AVvXsEiEdyrEzcwIfyUzbrInNL01579SRSkxlBvGVCEKNLDHoeGqqvAIPfIv3rXKcz_K4zoIVGaBdyEutV5lqTmaCiwtGUKmupC6W4HxKe1LwQGa5HXUG-nXnS_33Lji4lJDJrdEyVYSvnT-5Gx8_8YAL_xqa0i5g1MNm0AxDo_2Xuhwv0ZkRPMdje-aGmOX4g\/s320\/keuken%20quarante.jpg","type":"","width":"","height":""}],"author":"gereon de leeuw","twitter_card":"summary_large_image","twitter_creator":"@gereon_DL","twitter_site":"@gereon_DL","twitter_misc":{"Geschreven door":"gereon de leeuw","Geschatte leestijd":"14 minuten"},"schema":{"@context":"https:\/\/schema.org","@graph":[{"@type":"Article","@id":"https:\/\/gereonskeukenthuis.nl\/blog\/gereons-mag-de-occitanie-herfsteditie\/#article","isPartOf":{"@id":"https:\/\/gereonskeukenthuis.nl\/blog\/gereons-mag-de-occitanie-herfsteditie\/"},"author":{"name":"gereon de leeuw","@id":"https:\/\/gereonskeukenthuis.nl\/blog\/#\/schema\/person\/1951fe17bd83814423b907d4bb64fae3"},"headline":"Gereons Mag, de Occitani\u00eb herfsteditie.","datePublished":"2022-10-15T08:45:30+00:00","dateModified":"2022-10-21T08:36:32+00:00","mainEntityOfPage":{"@id":"https:\/\/gereonskeukenthuis.nl\/blog\/gereons-mag-de-occitanie-herfsteditie\/"},"wordCount":2002,"commentCount":1,"image":{"@id":"https:\/\/gereonskeukenthuis.nl\/blog\/gereons-mag-de-occitanie-herfsteditie\/#primaryimage"},"thumbnailUrl":"https:\/\/blogger.googleusercontent.com\/img\/b\/R29vZ2xl\/AVvXsEiEdyrEzcwIfyUzbrInNL01579SRSkxlBvGVCEKNLDHoeGqqvAIPfIv3rXKcz_K4zoIVGaBdyEutV5lqTmaCiwtGUKmupC6W4HxKe1LwQGa5HXUG-nXnS_33Lji4lJDJrdEyVYSvnT-5Gx8_8YAL_xqa0i5g1MNm0AxDo_2Xuhwv0ZkRPMdje-aGmOX4g\/s320\/keuken%20quarante.jpg","articleSection":["#terroirdegereon","Amsterdam","cooking vibes","echt eten","foodbloggers.","foodparade","Gereons Keuken en route","gereons keuken thuis","Gereons Mag.","lifestyle","LUBM","occitani\u00eb","productinformatie","staycation"],"inLanguage":"nl-NL","potentialAction":[{"@type":"CommentAction","name":"Comment","target":["https:\/\/gereonskeukenthuis.nl\/blog\/gereons-mag-de-occitanie-herfsteditie\/#respond"]}]},{"@type":"WebPage","@id":"https:\/\/gereonskeukenthuis.nl\/blog\/gereons-mag-de-occitanie-herfsteditie\/","url":"https:\/\/gereonskeukenthuis.nl\/blog\/gereons-mag-de-occitanie-herfsteditie\/","name":"Gereons Mag, de Occitani\u00eb herfsteditie. - Gereons Keuken Thuis","isPartOf":{"@id":"https:\/\/gereonskeukenthuis.nl\/blog\/#website"},"primaryImageOfPage":{"@id":"https:\/\/gereonskeukenthuis.nl\/blog\/gereons-mag-de-occitanie-herfsteditie\/#primaryimage"},"image":{"@id":"https:\/\/gereonskeukenthuis.nl\/blog\/gereons-mag-de-occitanie-herfsteditie\/#primaryimage"},"thumbnailUrl":"https:\/\/blogger.googleusercontent.com\/img\/b\/R29vZ2xl\/AVvXsEiEdyrEzcwIfyUzbrInNL01579SRSkxlBvGVCEKNLDHoeGqqvAIPfIv3rXKcz_K4zoIVGaBdyEutV5lqTmaCiwtGUKmupC6W4HxKe1LwQGa5HXUG-nXnS_33Lji4lJDJrdEyVYSvnT-5Gx8_8YAL_xqa0i5g1MNm0AxDo_2Xuhwv0ZkRPMdje-aGmOX4g\/s320\/keuken%20quarante.jpg","datePublished":"2022-10-15T08:45:30+00:00","dateModified":"2022-10-21T08:36:32+00:00","author":{"@id":"https:\/\/gereonskeukenthuis.nl\/blog\/#\/schema\/person\/1951fe17bd83814423b907d4bb64fae3"},"description":"Gereons Mag, de Occitani\u00eb herfsteditie.\u00a0Een heerlijke streek, waar Gereons Keuken Thuis in de nabije toekomst veel meer gaat neerstrijken. Een belofte voor veel nieuwe avonturen. In deze editie niet alleen Occitaanse onderwerpen, maar ook leuke tips voor de herfst in Nederland, zoals een tentoonstelling in het Amsterdamse Van Gogh Museum en de 35e editie van PAN in november. Lekkere producten en reistips in Occitani\u00eb. Oesters uit Bouzigues en vermouth uit Marseillan. En natuurlijk recepten uit het nieuwe kookboek van Pascale Naessens, voor pompoensoep van George Sand, rouzolles uit de Pyrenee\u00ebn en van foodbloggers.","breadcrumb":{"@id":"https:\/\/gereonskeukenthuis.nl\/blog\/gereons-mag-de-occitanie-herfsteditie\/#breadcrumb"},"inLanguage":"nl-NL","potentialAction":[{"@type":"ReadAction","target":["https:\/\/gereonskeukenthuis.nl\/blog\/gereons-mag-de-occitanie-herfsteditie\/"]}]},{"@type":"ImageObject","inLanguage":"nl-NL","@id":"https:\/\/gereonskeukenthuis.nl\/blog\/gereons-mag-de-occitanie-herfsteditie\/#primaryimage","url":"https:\/\/blogger.googleusercontent.com\/img\/b\/R29vZ2xl\/AVvXsEiEdyrEzcwIfyUzbrInNL01579SRSkxlBvGVCEKNLDHoeGqqvAIPfIv3rXKcz_K4zoIVGaBdyEutV5lqTmaCiwtGUKmupC6W4HxKe1LwQGa5HXUG-nXnS_33Lji4lJDJrdEyVYSvnT-5Gx8_8YAL_xqa0i5g1MNm0AxDo_2Xuhwv0ZkRPMdje-aGmOX4g\/s320\/keuken%20quarante.jpg","contentUrl":"https:\/\/blogger.googleusercontent.com\/img\/b\/R29vZ2xl\/AVvXsEiEdyrEzcwIfyUzbrInNL01579SRSkxlBvGVCEKNLDHoeGqqvAIPfIv3rXKcz_K4zoIVGaBdyEutV5lqTmaCiwtGUKmupC6W4HxKe1LwQGa5HXUG-nXnS_33Lji4lJDJrdEyVYSvnT-5Gx8_8YAL_xqa0i5g1MNm0AxDo_2Xuhwv0ZkRPMdje-aGmOX4g\/s320\/keuken%20quarante.jpg"},{"@type":"BreadcrumbList","@id":"https:\/\/gereonskeukenthuis.nl\/blog\/gereons-mag-de-occitanie-herfsteditie\/#breadcrumb","itemListElement":[{"@type":"ListItem","position":1,"name":"Home","item":"https:\/\/gereonskeukenthuis.nl\/blog\/"},{"@type":"ListItem","position":2,"name":"Gereons Mag, de Occitani\u00eb herfsteditie."}]},{"@type":"WebSite","@id":"https:\/\/gereonskeukenthuis.nl\/blog\/#website","url":"https:\/\/gereonskeukenthuis.nl\/blog\/","name":"Gereons Keuken Thuis","description":"Fijne verhalen over wijn en spijs voor alledag.","potentialAction":[{"@type":"SearchAction","target":{"@type":"EntryPoint","urlTemplate":"https:\/\/gereonskeukenthuis.nl\/blog\/?s={search_term_string}"},"query-input":{"@type":"PropertyValueSpecification","valueRequired":true,"valueName":"search_term_string"}}],"inLanguage":"nl-NL"},{"@type":"Person","@id":"https:\/\/gereonskeukenthuis.nl\/blog\/#\/schema\/person\/1951fe17bd83814423b907d4bb64fae3","name":"gereon de leeuw","image":{"@type":"ImageObject","inLanguage":"nl-NL","@id":"https:\/\/secure.gravatar.com\/avatar\/beb7b5ff670f0591c872d4b4776e22422e92d7afcb72e1e1f19c58fb5657f5fe?s=96&r=g","url":"https:\/\/secure.gravatar.com\/avatar\/beb7b5ff670f0591c872d4b4776e22422e92d7afcb72e1e1f19c58fb5657f5fe?s=96&r=g","contentUrl":"https:\/\/secure.gravatar.com\/avatar\/beb7b5ff670f0591c872d4b4776e22422e92d7afcb72e1e1f19c58fb5657f5fe?s=96&r=g","caption":"gereon de leeuw"},"sameAs":["http:\/\/gereonskeukenthuis.nl"],"url":"https:\/\/gereonskeukenthuis.nl\/blog\/author\/gereon-de-leeuw\/"}]}},"jetpack_publicize_connections":[],"jetpack_featured_media_url":"","jetpack_shortlink":"https:\/\/wp.me\/p39CAa-a7y","jetpack-related-posts":[],"jetpack_likes_enabled":true,"jetpack_sharing_enabled":true,"_links":{"self":[{"href":"https:\/\/gereonskeukenthuis.nl\/blog\/wp-json\/wp\/v2\/posts\/38908","targetHints":{"allow":["GET"]}}],"collection":[{"href":"https:\/\/gereonskeukenthuis.nl\/blog\/wp-json\/wp\/v2\/posts"}],"about":[{"href":"https:\/\/gereonskeukenthuis.nl\/blog\/wp-json\/wp\/v2\/types\/post"}],"author":[{"embeddable":true,"href":"https:\/\/gereonskeukenthuis.nl\/blog\/wp-json\/wp\/v2\/users\/2"}],"replies":[{"embeddable":true,"href":"https:\/\/gereonskeukenthuis.nl\/blog\/wp-json\/wp\/v2\/comments?post=38908"}],"version-history":[{"count":7,"href":"https:\/\/gereonskeukenthuis.nl\/blog\/wp-json\/wp\/v2\/posts\/38908\/revisions"}],"predecessor-version":[{"id":38924,"href":"https:\/\/gereonskeukenthuis.nl\/blog\/wp-json\/wp\/v2\/posts\/38908\/revisions\/38924"}],"wp:attachment":[{"href":"https:\/\/gereonskeukenthuis.nl\/blog\/wp-json\/wp\/v2\/media?parent=38908"}],"wp:term":[{"taxonomy":"category","embeddable":true,"href":"https:\/\/gereonskeukenthuis.nl\/blog\/wp-json\/wp\/v2\/categories?post=38908"},{"taxonomy":"post_tag","embeddable":true,"href":"https:\/\/gereonskeukenthuis.nl\/blog\/wp-json\/wp\/v2\/tags?post=38908"}],"curies":[{"name":"wp","href":"https:\/\/api.w.org\/{rel}","templated":true}]}}