{"id":2338,"date":"2016-01-15T12:07:59","date_gmt":"2016-01-15T11:07:59","guid":{"rendered":"http:\/\/gereonskeukenthuis.nl\/blog\/?p=2338"},"modified":"2016-01-15T15:14:18","modified_gmt":"2016-01-15T14:14:18","slug":"douce-france-een-foodparade","status":"publish","type":"post","link":"https:\/\/gereonskeukenthuis.nl\/blog\/douce-france-een-foodparade\/","title":{"rendered":"Douce France, een foodparade."},"content":{"rendered":"<p class=\"separator\"><a href=\"https:\/\/i0.wp.com\/gereonskeukenthuis.nl\/blog\/wp-content\/uploads\/2014\/11\/058.jpg\" rel=\"attachment wp-att-1598\"><img data-recalc-dims=\"1\" loading=\"lazy\" decoding=\"async\" data-attachment-id=\"1598\" data-permalink=\"https:\/\/gereonskeukenthuis.nl\/blog\/foodblogevent-oktober-2014-een-gallo-romeins-gerecht\/attachment\/058\/\" data-orig-file=\"https:\/\/i0.wp.com\/gereonskeukenthuis.nl\/blog\/wp-content\/uploads\/2014\/11\/058.jpg?fit=1024%2C768&amp;ssl=1\" data-orig-size=\"1024,768\" data-comments-opened=\"1\" data-image-meta=\"{&quot;aperture&quot;:&quot;4.5&quot;,&quot;credit&quot;:&quot;&quot;,&quot;camera&quot;:&quot;SAMSUNG ES28 \/ VLUU ES28&quot;,&quot;caption&quot;:&quot;&quot;,&quot;created_timestamp&quot;:&quot;1334332573&quot;,&quot;copyright&quot;:&quot;COPYRIGHT, 2010&quot;,&quot;focal_length&quot;:&quot;7.8&quot;,&quot;iso&quot;:&quot;100&quot;,&quot;shutter_speed&quot;:&quot;0.0166666666667&quot;,&quot;title&quot;:&quot;&quot;,&quot;orientation&quot;:&quot;1&quot;}\" data-image-title=\"058\" data-image-description=\"\" data-image-caption=\"\" data-large-file=\"https:\/\/i0.wp.com\/gereonskeukenthuis.nl\/blog\/wp-content\/uploads\/2014\/11\/058.jpg?fit=525%2C394&amp;ssl=1\" class=\"alignnone size-medium wp-image-1598\" src=\"https:\/\/i0.wp.com\/gereonskeukenthuis.nl\/blog\/wp-content\/uploads\/2014\/11\/058.jpg?resize=300%2C225\" alt=\"058\" width=\"300\" height=\"225\" srcset=\"https:\/\/i0.wp.com\/gereonskeukenthuis.nl\/blog\/wp-content\/uploads\/2014\/11\/058.jpg?resize=300%2C225&amp;ssl=1 300w, https:\/\/i0.wp.com\/gereonskeukenthuis.nl\/blog\/wp-content\/uploads\/2014\/11\/058.jpg?resize=400%2C300&amp;ssl=1 400w, https:\/\/i0.wp.com\/gereonskeukenthuis.nl\/blog\/wp-content\/uploads\/2014\/11\/058.jpg?w=1024&amp;ssl=1 1024w\" sizes=\"auto, (max-width: 300px) 100vw, 300px\" \/><\/a>\u00a0foto: Gallia<\/p>\n<p>Ik heb op mijn blog al heel wat geschreven over eten en drinken in Frankrijk. Douce France. Over avonturen in de Bourgogne, beschouwingen in de haven van St. Tropez, wandelen door de Rue Mouffetard. Een land vol lekkernijen, waarover ik niet uitgepraat en uitgeschreven raak. Soms met de Franse slag, dan weer een boekbespreking of over wijnen. Toevallig staat a.s. dinsdag weer het Sopexa Vins de France voor de deur met inspirerende producenten. Ik ga het allemaal weer bekijken en proeven.<\/p>\n<p class=\"separator\"><a href=\"https:\/\/i0.wp.com\/4.bp.blogspot.com\/-RaMXNhqk-a8\/VpjOC2xSjxI\/AAAAAAAADK0\/FhaGM6_5IBY\/s1600\/045.JPG\"><img data-recalc-dims=\"1\" loading=\"lazy\" decoding=\"async\" src=\"https:\/\/i0.wp.com\/4.bp.blogspot.com\/-RaMXNhqk-a8\/VpjOC2xSjxI\/AAAAAAAADK0\/FhaGM6_5IBY\/s320\/045.JPG?resize=320%2C237&#038;ssl=1\" alt=\"\" width=\"320\" height=\"237\" border=\"0\" \/><\/a>\u00a0foto: Rue Mouffetard<\/p>\n<p>Op deze druilerige januaridag een foodparade douce France. Het verhaal van Th\u00e9o over de\u00a0<a href=\"http:\/\/gereonskeukenthuis.nl\/blog\/chasseurs-de-mancey-karbonaadjes-op-jagerswijze\/\">jagers uit Mancey<\/a>, een dorp in de zuidelijke Bourgogne. Glunderend vertelt deze zestienjarige jongen dat hij mee mocht op verkenning naar jonge zwijntjes.<\/p>\n<p class=\"separator\"><a href=\"https:\/\/i0.wp.com\/1.bp.blogspot.com\/-GhpvujP1MqE\/VpjOo9wUPHI\/AAAAAAAADLA\/hRWXOz8GDN4\/s1600\/011.JPG\"><img data-recalc-dims=\"1\" loading=\"lazy\" decoding=\"async\" class=\"aligncenter\" src=\"https:\/\/i0.wp.com\/1.bp.blogspot.com\/-GhpvujP1MqE\/VpjOo9wUPHI\/AAAAAAAADLA\/hRWXOz8GDN4\/s320\/011.JPG?resize=237%2C320&#038;ssl=1\" alt=\"\" width=\"237\" height=\"320\" border=\"0\" \/><\/a>\u00a0foto; het rustige Mancey.<\/p>\n<p>De brouhaha van <a href=\"http:\/\/gereonskeukenthuis.nl\/blog\/saint-tropez-komkommersoep\/\">Saint Tropez<\/a>, wie kijkt nu naar wie? Nina Parker schreef er een heel kookboek over. En het is het thema van de wijnwandeling in maart.<\/p>\n<p class=\"separator\"><a href=\"https:\/\/i0.wp.com\/4.bp.blogspot.com\/-e4J-y9wiM9w\/VpjO7UeL0GI\/AAAAAAAADLI\/Y3eProliEJE\/s1600\/239.JPG\"><img data-recalc-dims=\"1\" loading=\"lazy\" decoding=\"async\" src=\"https:\/\/i0.wp.com\/4.bp.blogspot.com\/-e4J-y9wiM9w\/VpjO7UeL0GI\/AAAAAAAADLI\/Y3eProliEJE\/s320\/239.JPG?resize=320%2C237&#038;ssl=1\" alt=\"\" width=\"320\" height=\"237\" border=\"0\" \/><\/a>\u00a0foto: pointues in St Tropez<\/p>\n<p>Of een boerse Normandische\u00a0<a href=\"http:\/\/gereonskeukenthuis.nl\/blog\/normandische-appelomele\/\">appelomelet<\/a>. Zomers voor bij je picknick in de boomgaarden van de Calvados. Tussen de brilkoeien.<\/p>\n<p class=\"separator\"><a href=\"https:\/\/i0.wp.com\/2.bp.blogspot.com\/-em9vzYLbTgQ\/VpjPYezpyfI\/AAAAAAAADLQ\/CALmqZ4y5ZI\/s1600\/029.JPG\"><img data-recalc-dims=\"1\" loading=\"lazy\" decoding=\"async\" class=\"aligncenter\" src=\"https:\/\/i0.wp.com\/2.bp.blogspot.com\/-em9vzYLbTgQ\/VpjPYezpyfI\/AAAAAAAADLQ\/CALmqZ4y5ZI\/s320\/029.JPG?resize=237%2C320&#038;ssl=1\" alt=\"\" width=\"237\" height=\"320\" border=\"0\" \/><\/a>\u00a0foto: Honfleur<\/p>\n<p>En het moment van\u00a0<a href=\"http:\/\/gereonskeukenthuis.nl\/blog\/astuces-pour-lapero-tips-voor-je-borrel\/\">de ap\u00e9ro<\/a>, met een knabbel en een babbel. Glaasje Noilly Prat of juist een cr\u00e9mant. Instant feestje aan het einde van de dag.<\/p>\n<p class=\"separator\"><a href=\"https:\/\/i0.wp.com\/1.bp.blogspot.com\/-sIKG7WrQKH8\/VpjQA7YKuHI\/AAAAAAAADLg\/ExrczE4dLDY\/s1600\/011.JPG\"><img data-recalc-dims=\"1\" loading=\"lazy\" decoding=\"async\" src=\"https:\/\/i0.wp.com\/1.bp.blogspot.com\/-sIKG7WrQKH8\/VpjQA7YKuHI\/AAAAAAAADLg\/ExrczE4dLDY\/s320\/011.JPG?resize=320%2C240&#038;ssl=1\" alt=\"\" width=\"320\" height=\"240\" border=\"0\" \/><\/a>\u00a0foto: ap\u00e9ro!<\/p>\n<p>De inspirerende, guitige en smakelijke kookboeken van St\u00e9phane Reynaud, bijvoorbeeld het leuke kookboek over\u00a0<a href=\"http:\/\/gereonskeukenthuis.nl\/blog\/de-wilde-keuken-stephane-reynaud\/\">wild in je keuken<\/a>. Ik krijg er instant trek van.<\/p>\n<p class=\"separator\"><a href=\"https:\/\/i0.wp.com\/4.bp.blogspot.com\/-oLVYB7S0sAc\/VpjQUAaLbaI\/AAAAAAAADLo\/7k43SFrjDFI\/s1600\/020.JPG\"><img data-recalc-dims=\"1\" loading=\"lazy\" decoding=\"async\" src=\"https:\/\/i0.wp.com\/4.bp.blogspot.com\/-oLVYB7S0sAc\/VpjQUAaLbaI\/AAAAAAAADLo\/7k43SFrjDFI\/s320\/020.JPG?resize=320%2C240&#038;ssl=1\" alt=\"\" width=\"320\" height=\"240\" border=\"0\" \/><\/a>\u00a0foto: sanglier de Beaune.<\/p>\n<p>Ik kan nog wel doorgaan, over Lotharingen, salade pissenlit, kaasjes en wijn. De madeleines van Proust of de babas van Stanislasz. De wijnen van Pierre Guindon uit Saint G\u00e9r\u00e9on. Of de keur aan Beaujolais wijnen van domaine la Rizoli\u00e8re. Een heuse foodparade douce France, behaaglijk op deze vijftiende januari. Het wapent je tegen de Lundi bleu, die nakende is.<\/p>\n<p class=\"separator\"><a href=\"https:\/\/i0.wp.com\/2.bp.blogspot.com\/-3ZQepiScVzE\/VpjRZZHvcmI\/AAAAAAAADL0\/z2VQa7vD8Hw\/s1600\/nancy.jpg\"><img data-recalc-dims=\"1\" loading=\"lazy\" decoding=\"async\" class=\"aligncenter\" src=\"https:\/\/i0.wp.com\/2.bp.blogspot.com\/-3ZQepiScVzE\/VpjRZZHvcmI\/AAAAAAAADL0\/z2VQa7vD8Hw\/s320\/nancy.jpg?resize=320%2C179&#038;ssl=1\" alt=\"\" width=\"320\" height=\"179\" border=\"0\" \/><\/a>\u00a0foto: Nancy place Stanislasz.<\/p>\n<p>Een mooie vrijdag met uiensoep als afsluiter. La douce France in een kom.<\/p>\n<p>Nodig:<\/p>\n<p>1 kg uien<\/p>\n<p>50 g boter<\/p>\n<p>2 el olijfolie<\/p>\n<p>2 takjes tijm<\/p>\n<p>1 takje rozemarijn<\/p>\n<p>1 el mosterd<\/p>\n<p>1 liter runderbouillon (vers of van blokje)<\/p>\n<p>1 glas rode wijn<\/p>\n<p>1 laurierblaadje<\/p>\n<p>stokbrood<\/p>\n<p>geraspte oude kaas of Gruy\u00e8re<\/p>\n<p>gehakte peterselie<\/p>\n<p>peper en zout<\/p>\n<p>Bereiding:<\/p>\n<p>Pel de uien en snijd ze in grove stukken. Verhit de boter en olie in een diepe pan. Voeg de uien toe en laat op laag vuur in een kwartier glazig worden. Zet het vuur hoger en bak de uien in circa 10 minuten bruin. Blus af met een glas rode wijn. Voeg de mosterd, tijm en rozemarijn toe. Als laatste de warme runderbouillon. Laat het geheel nog zeker een half uur pruttelen. Voeg naar smaak nog wat peper en zout toe. Snijd plakken van het stokbrood en leg deze bestrooid met de kaas kort onder de grill. Serveer de Franse uiensoep in diepe kommen met het stuk stokbrood erin. Strooi er wat fijngehakte peterselie overheen.<\/p>\n","protected":false},"excerpt":{"rendered":"<p>\u00a0foto: Gallia Ik heb op mijn blog al heel wat geschreven over eten en drinken in Frankrijk. Douce France. Over avonturen in de Bourgogne, beschouwingen in de haven van St. Tropez, wandelen door de Rue Mouffetard. Een land vol lekkernijen, waarover ik niet uitgepraat en uitgeschreven raak. Soms met de Franse slag, dan weer een &hellip; <\/p>\n<p class=\"link-more\"><a href=\"https:\/\/gereonskeukenthuis.nl\/blog\/douce-france-een-foodparade\/\" class=\"more-link\">Lees verder <span class=\"screen-reader-text\">&#8220;Douce France, een foodparade.&#8221;<\/span><\/a><\/p>\n","protected":false},"author":2,"featured_media":0,"comment_status":"open","ping_status":"closed","sticky":false,"template":"","format":"standard","meta":{"jetpack_post_was_ever_published":false,"_jetpack_newsletter_access":"","_jetpack_dont_email_post_to_subs":false,"_jetpack_newsletter_tier_id":0,"_jetpack_memberships_contains_paywalled_content":false,"_jetpack_memberships_contains_paid_content":false,"footnotes":"","jetpack_publicize_message":"","jetpack_publicize_feature_enabled":true,"jetpack_social_post_already_shared":true,"jetpack_social_options":{"image_generator_settings":{"template":"highway","default_image_id":0,"font":"","enabled":false},"version":2}},"categories":[74,93,56,47,85,87,8,6,11,36],"tags":[],"class_list":["post-2338","post","type-post","status-publish","format-standard","hentry","category-cooking-vibes","category-foodparade","category-frans","category-gereons-keuken-en-route","category-kookboeken","category-lifestyle","category-ma-bourgogne","category-terroirgerechten","category-wijn-en-gerecht","category-wild"],"yoast_head":"<!-- This site is optimized with the Yoast SEO plugin v27.5 - https:\/\/yoast.com\/product\/yoast-seo-wordpress\/ -->\n<title>Douce France, een foodparade. - Gereons Keuken Thuis<\/title>\n<meta name=\"description\" content=\"Ik heb op mijn blog al heel wat geschreven over eten en drinken in Frankrijk. La douce France.\" \/>\n<meta name=\"robots\" content=\"index, follow, max-snippet:-1, max-image-preview:large, max-video-preview:-1\" \/>\n<link rel=\"canonical\" href=\"https:\/\/gereonskeukenthuis.nl\/blog\/douce-france-een-foodparade\/\" \/>\n<meta property=\"og:locale\" content=\"nl_NL\" \/>\n<meta property=\"og:type\" content=\"article\" \/>\n<meta property=\"og:title\" content=\"Douce France, een foodparade. - Gereons Keuken Thuis\" \/>\n<meta property=\"og:description\" content=\"Ik heb op mijn blog al heel wat geschreven over eten en drinken in Frankrijk. La douce France.\" \/>\n<meta property=\"og:url\" content=\"https:\/\/gereonskeukenthuis.nl\/blog\/douce-france-een-foodparade\/\" \/>\n<meta property=\"og:site_name\" content=\"Gereons Keuken Thuis\" \/>\n<meta property=\"article:publisher\" content=\"http:\/\/www.facebook.com\/gereon.deleeuw\" \/>\n<meta property=\"article:published_time\" content=\"2016-01-15T11:07:59+00:00\" \/>\n<meta property=\"article:modified_time\" content=\"2016-01-15T14:14:18+00:00\" \/>\n<meta property=\"og:image\" content=\"http:\/\/gereonskeukenthuis.nl\/blog\/wp-content\/uploads\/2014\/11\/058-300x225.jpg\" \/>\n<meta name=\"author\" content=\"gereon de leeuw\" \/>\n<meta name=\"twitter:card\" content=\"summary_large_image\" \/>\n<meta name=\"twitter:creator\" content=\"@gereon_DL\" \/>\n<meta name=\"twitter:site\" content=\"@gereon_DL\" \/>\n<meta name=\"twitter:label1\" content=\"Geschreven door\" \/>\n\t<meta name=\"twitter:data1\" content=\"gereon de leeuw\" \/>\n\t<meta name=\"twitter:label2\" content=\"Geschatte leestijd\" \/>\n\t<meta name=\"twitter:data2\" content=\"2 minuten\" \/>\n<script type=\"application\/ld+json\" class=\"yoast-schema-graph\">{\"@context\":\"https:\\\/\\\/schema.org\",\"@graph\":[{\"@type\":\"Article\",\"@id\":\"https:\\\/\\\/gereonskeukenthuis.nl\\\/blog\\\/douce-france-een-foodparade\\\/#article\",\"isPartOf\":{\"@id\":\"https:\\\/\\\/gereonskeukenthuis.nl\\\/blog\\\/douce-france-een-foodparade\\\/\"},\"author\":{\"name\":\"gereon de leeuw\",\"@id\":\"https:\\\/\\\/gereonskeukenthuis.nl\\\/blog\\\/#\\\/schema\\\/person\\\/1951fe17bd83814423b907d4bb64fae3\"},\"headline\":\"Douce France, een foodparade.\",\"datePublished\":\"2016-01-15T11:07:59+00:00\",\"dateModified\":\"2016-01-15T14:14:18+00:00\",\"mainEntityOfPage\":{\"@id\":\"https:\\\/\\\/gereonskeukenthuis.nl\\\/blog\\\/douce-france-een-foodparade\\\/\"},\"wordCount\":478,\"commentCount\":1,\"image\":{\"@id\":\"https:\\\/\\\/gereonskeukenthuis.nl\\\/blog\\\/douce-france-een-foodparade\\\/#primaryimage\"},\"thumbnailUrl\":\"http:\\\/\\\/gereonskeukenthuis.nl\\\/blog\\\/wp-content\\\/uploads\\\/2014\\\/11\\\/058-300x225.jpg\",\"articleSection\":[\"cooking vibes\",\"foodparade\",\"Frans\",\"Gereons Keuken en route\",\"kookboeken\",\"lifestyle\",\"Ma Bourgogne\",\"Terroirgerechten\",\"Wijn en Gerecht\",\"wild\"],\"inLanguage\":\"nl-NL\",\"potentialAction\":[{\"@type\":\"CommentAction\",\"name\":\"Comment\",\"target\":[\"https:\\\/\\\/gereonskeukenthuis.nl\\\/blog\\\/douce-france-een-foodparade\\\/#respond\"]}]},{\"@type\":\"WebPage\",\"@id\":\"https:\\\/\\\/gereonskeukenthuis.nl\\\/blog\\\/douce-france-een-foodparade\\\/\",\"url\":\"https:\\\/\\\/gereonskeukenthuis.nl\\\/blog\\\/douce-france-een-foodparade\\\/\",\"name\":\"Douce France, een foodparade. - Gereons Keuken Thuis\",\"isPartOf\":{\"@id\":\"https:\\\/\\\/gereonskeukenthuis.nl\\\/blog\\\/#website\"},\"primaryImageOfPage\":{\"@id\":\"https:\\\/\\\/gereonskeukenthuis.nl\\\/blog\\\/douce-france-een-foodparade\\\/#primaryimage\"},\"image\":{\"@id\":\"https:\\\/\\\/gereonskeukenthuis.nl\\\/blog\\\/douce-france-een-foodparade\\\/#primaryimage\"},\"thumbnailUrl\":\"http:\\\/\\\/gereonskeukenthuis.nl\\\/blog\\\/wp-content\\\/uploads\\\/2014\\\/11\\\/058-300x225.jpg\",\"datePublished\":\"2016-01-15T11:07:59+00:00\",\"dateModified\":\"2016-01-15T14:14:18+00:00\",\"author\":{\"@id\":\"https:\\\/\\\/gereonskeukenthuis.nl\\\/blog\\\/#\\\/schema\\\/person\\\/1951fe17bd83814423b907d4bb64fae3\"},\"description\":\"Ik heb op mijn blog al heel wat geschreven over eten en drinken in Frankrijk. La douce France.\",\"breadcrumb\":{\"@id\":\"https:\\\/\\\/gereonskeukenthuis.nl\\\/blog\\\/douce-france-een-foodparade\\\/#breadcrumb\"},\"inLanguage\":\"nl-NL\",\"potentialAction\":[{\"@type\":\"ReadAction\",\"target\":[\"https:\\\/\\\/gereonskeukenthuis.nl\\\/blog\\\/douce-france-een-foodparade\\\/\"]}]},{\"@type\":\"ImageObject\",\"inLanguage\":\"nl-NL\",\"@id\":\"https:\\\/\\\/gereonskeukenthuis.nl\\\/blog\\\/douce-france-een-foodparade\\\/#primaryimage\",\"url\":\"https:\\\/\\\/i0.wp.com\\\/gereonskeukenthuis.nl\\\/blog\\\/wp-content\\\/uploads\\\/2014\\\/11\\\/058.jpg?fit=1024%2C768&ssl=1\",\"contentUrl\":\"https:\\\/\\\/i0.wp.com\\\/gereonskeukenthuis.nl\\\/blog\\\/wp-content\\\/uploads\\\/2014\\\/11\\\/058.jpg?fit=1024%2C768&ssl=1\",\"width\":1024,\"height\":768},{\"@type\":\"BreadcrumbList\",\"@id\":\"https:\\\/\\\/gereonskeukenthuis.nl\\\/blog\\\/douce-france-een-foodparade\\\/#breadcrumb\",\"itemListElement\":[{\"@type\":\"ListItem\",\"position\":1,\"name\":\"Home\",\"item\":\"https:\\\/\\\/gereonskeukenthuis.nl\\\/blog\\\/\"},{\"@type\":\"ListItem\",\"position\":2,\"name\":\"Douce France, een foodparade.\"}]},{\"@type\":\"WebSite\",\"@id\":\"https:\\\/\\\/gereonskeukenthuis.nl\\\/blog\\\/#website\",\"url\":\"https:\\\/\\\/gereonskeukenthuis.nl\\\/blog\\\/\",\"name\":\"Gereons Keuken Thuis\",\"description\":\"Fijne verhalen over wijn en spijs voor alledag.\",\"potentialAction\":[{\"@type\":\"SearchAction\",\"target\":{\"@type\":\"EntryPoint\",\"urlTemplate\":\"https:\\\/\\\/gereonskeukenthuis.nl\\\/blog\\\/?s={search_term_string}\"},\"query-input\":{\"@type\":\"PropertyValueSpecification\",\"valueRequired\":true,\"valueName\":\"search_term_string\"}}],\"inLanguage\":\"nl-NL\"},{\"@type\":\"Person\",\"@id\":\"https:\\\/\\\/gereonskeukenthuis.nl\\\/blog\\\/#\\\/schema\\\/person\\\/1951fe17bd83814423b907d4bb64fae3\",\"name\":\"gereon de leeuw\",\"image\":{\"@type\":\"ImageObject\",\"inLanguage\":\"nl-NL\",\"@id\":\"https:\\\/\\\/secure.gravatar.com\\\/avatar\\\/beb7b5ff670f0591c872d4b4776e22422e92d7afcb72e1e1f19c58fb5657f5fe?s=96&r=g\",\"url\":\"https:\\\/\\\/secure.gravatar.com\\\/avatar\\\/beb7b5ff670f0591c872d4b4776e22422e92d7afcb72e1e1f19c58fb5657f5fe?s=96&r=g\",\"contentUrl\":\"https:\\\/\\\/secure.gravatar.com\\\/avatar\\\/beb7b5ff670f0591c872d4b4776e22422e92d7afcb72e1e1f19c58fb5657f5fe?s=96&r=g\",\"caption\":\"gereon de leeuw\"},\"sameAs\":[\"http:\\\/\\\/gereonskeukenthuis.nl\"],\"url\":\"https:\\\/\\\/gereonskeukenthuis.nl\\\/blog\\\/author\\\/gereon-de-leeuw\\\/\"}]}<\/script>\n<!-- \/ Yoast SEO plugin. -->","yoast_head_json":{"title":"Douce France, een foodparade. - Gereons Keuken Thuis","description":"Ik heb op mijn blog al heel wat geschreven over eten en drinken in Frankrijk. La douce France.","robots":{"index":"index","follow":"follow","max-snippet":"max-snippet:-1","max-image-preview":"max-image-preview:large","max-video-preview":"max-video-preview:-1"},"canonical":"https:\/\/gereonskeukenthuis.nl\/blog\/douce-france-een-foodparade\/","og_locale":"nl_NL","og_type":"article","og_title":"Douce France, een foodparade. - Gereons Keuken Thuis","og_description":"Ik heb op mijn blog al heel wat geschreven over eten en drinken in Frankrijk. La douce France.","og_url":"https:\/\/gereonskeukenthuis.nl\/blog\/douce-france-een-foodparade\/","og_site_name":"Gereons Keuken Thuis","article_publisher":"http:\/\/www.facebook.com\/gereon.deleeuw","article_published_time":"2016-01-15T11:07:59+00:00","article_modified_time":"2016-01-15T14:14:18+00:00","og_image":[{"url":"http:\/\/gereonskeukenthuis.nl\/blog\/wp-content\/uploads\/2014\/11\/058-300x225.jpg","type":"","width":"","height":""}],"author":"gereon de leeuw","twitter_card":"summary_large_image","twitter_creator":"@gereon_DL","twitter_site":"@gereon_DL","twitter_misc":{"Geschreven door":"gereon de leeuw","Geschatte leestijd":"2 minuten"},"schema":{"@context":"https:\/\/schema.org","@graph":[{"@type":"Article","@id":"https:\/\/gereonskeukenthuis.nl\/blog\/douce-france-een-foodparade\/#article","isPartOf":{"@id":"https:\/\/gereonskeukenthuis.nl\/blog\/douce-france-een-foodparade\/"},"author":{"name":"gereon de leeuw","@id":"https:\/\/gereonskeukenthuis.nl\/blog\/#\/schema\/person\/1951fe17bd83814423b907d4bb64fae3"},"headline":"Douce France, een foodparade.","datePublished":"2016-01-15T11:07:59+00:00","dateModified":"2016-01-15T14:14:18+00:00","mainEntityOfPage":{"@id":"https:\/\/gereonskeukenthuis.nl\/blog\/douce-france-een-foodparade\/"},"wordCount":478,"commentCount":1,"image":{"@id":"https:\/\/gereonskeukenthuis.nl\/blog\/douce-france-een-foodparade\/#primaryimage"},"thumbnailUrl":"http:\/\/gereonskeukenthuis.nl\/blog\/wp-content\/uploads\/2014\/11\/058-300x225.jpg","articleSection":["cooking vibes","foodparade","Frans","Gereons Keuken en route","kookboeken","lifestyle","Ma Bourgogne","Terroirgerechten","Wijn en Gerecht","wild"],"inLanguage":"nl-NL","potentialAction":[{"@type":"CommentAction","name":"Comment","target":["https:\/\/gereonskeukenthuis.nl\/blog\/douce-france-een-foodparade\/#respond"]}]},{"@type":"WebPage","@id":"https:\/\/gereonskeukenthuis.nl\/blog\/douce-france-een-foodparade\/","url":"https:\/\/gereonskeukenthuis.nl\/blog\/douce-france-een-foodparade\/","name":"Douce France, een foodparade. - Gereons Keuken Thuis","isPartOf":{"@id":"https:\/\/gereonskeukenthuis.nl\/blog\/#website"},"primaryImageOfPage":{"@id":"https:\/\/gereonskeukenthuis.nl\/blog\/douce-france-een-foodparade\/#primaryimage"},"image":{"@id":"https:\/\/gereonskeukenthuis.nl\/blog\/douce-france-een-foodparade\/#primaryimage"},"thumbnailUrl":"http:\/\/gereonskeukenthuis.nl\/blog\/wp-content\/uploads\/2014\/11\/058-300x225.jpg","datePublished":"2016-01-15T11:07:59+00:00","dateModified":"2016-01-15T14:14:18+00:00","author":{"@id":"https:\/\/gereonskeukenthuis.nl\/blog\/#\/schema\/person\/1951fe17bd83814423b907d4bb64fae3"},"description":"Ik heb op mijn blog al heel wat geschreven over eten en drinken in Frankrijk. La douce France.","breadcrumb":{"@id":"https:\/\/gereonskeukenthuis.nl\/blog\/douce-france-een-foodparade\/#breadcrumb"},"inLanguage":"nl-NL","potentialAction":[{"@type":"ReadAction","target":["https:\/\/gereonskeukenthuis.nl\/blog\/douce-france-een-foodparade\/"]}]},{"@type":"ImageObject","inLanguage":"nl-NL","@id":"https:\/\/gereonskeukenthuis.nl\/blog\/douce-france-een-foodparade\/#primaryimage","url":"https:\/\/i0.wp.com\/gereonskeukenthuis.nl\/blog\/wp-content\/uploads\/2014\/11\/058.jpg?fit=1024%2C768&ssl=1","contentUrl":"https:\/\/i0.wp.com\/gereonskeukenthuis.nl\/blog\/wp-content\/uploads\/2014\/11\/058.jpg?fit=1024%2C768&ssl=1","width":1024,"height":768},{"@type":"BreadcrumbList","@id":"https:\/\/gereonskeukenthuis.nl\/blog\/douce-france-een-foodparade\/#breadcrumb","itemListElement":[{"@type":"ListItem","position":1,"name":"Home","item":"https:\/\/gereonskeukenthuis.nl\/blog\/"},{"@type":"ListItem","position":2,"name":"Douce France, een foodparade."}]},{"@type":"WebSite","@id":"https:\/\/gereonskeukenthuis.nl\/blog\/#website","url":"https:\/\/gereonskeukenthuis.nl\/blog\/","name":"Gereons Keuken Thuis","description":"Fijne verhalen over wijn en spijs voor alledag.","potentialAction":[{"@type":"SearchAction","target":{"@type":"EntryPoint","urlTemplate":"https:\/\/gereonskeukenthuis.nl\/blog\/?s={search_term_string}"},"query-input":{"@type":"PropertyValueSpecification","valueRequired":true,"valueName":"search_term_string"}}],"inLanguage":"nl-NL"},{"@type":"Person","@id":"https:\/\/gereonskeukenthuis.nl\/blog\/#\/schema\/person\/1951fe17bd83814423b907d4bb64fae3","name":"gereon de leeuw","image":{"@type":"ImageObject","inLanguage":"nl-NL","@id":"https:\/\/secure.gravatar.com\/avatar\/beb7b5ff670f0591c872d4b4776e22422e92d7afcb72e1e1f19c58fb5657f5fe?s=96&r=g","url":"https:\/\/secure.gravatar.com\/avatar\/beb7b5ff670f0591c872d4b4776e22422e92d7afcb72e1e1f19c58fb5657f5fe?s=96&r=g","contentUrl":"https:\/\/secure.gravatar.com\/avatar\/beb7b5ff670f0591c872d4b4776e22422e92d7afcb72e1e1f19c58fb5657f5fe?s=96&r=g","caption":"gereon de leeuw"},"sameAs":["http:\/\/gereonskeukenthuis.nl"],"url":"https:\/\/gereonskeukenthuis.nl\/blog\/author\/gereon-de-leeuw\/"}]}},"jetpack_publicize_connections":[],"jetpack_featured_media_url":"","jetpack_shortlink":"https:\/\/wp.me\/p39CAa-BI","jetpack-related-posts":[],"jetpack_likes_enabled":true,"jetpack_sharing_enabled":true,"_links":{"self":[{"href":"https:\/\/gereonskeukenthuis.nl\/blog\/wp-json\/wp\/v2\/posts\/2338","targetHints":{"allow":["GET"]}}],"collection":[{"href":"https:\/\/gereonskeukenthuis.nl\/blog\/wp-json\/wp\/v2\/posts"}],"about":[{"href":"https:\/\/gereonskeukenthuis.nl\/blog\/wp-json\/wp\/v2\/types\/post"}],"author":[{"embeddable":true,"href":"https:\/\/gereonskeukenthuis.nl\/blog\/wp-json\/wp\/v2\/users\/2"}],"replies":[{"embeddable":true,"href":"https:\/\/gereonskeukenthuis.nl\/blog\/wp-json\/wp\/v2\/comments?post=2338"}],"version-history":[{"count":2,"href":"https:\/\/gereonskeukenthuis.nl\/blog\/wp-json\/wp\/v2\/posts\/2338\/revisions"}],"predecessor-version":[{"id":2340,"href":"https:\/\/gereonskeukenthuis.nl\/blog\/wp-json\/wp\/v2\/posts\/2338\/revisions\/2340"}],"wp:attachment":[{"href":"https:\/\/gereonskeukenthuis.nl\/blog\/wp-json\/wp\/v2\/media?parent=2338"}],"wp:term":[{"taxonomy":"category","embeddable":true,"href":"https:\/\/gereonskeukenthuis.nl\/blog\/wp-json\/wp\/v2\/categories?post=2338"},{"taxonomy":"post_tag","embeddable":true,"href":"https:\/\/gereonskeukenthuis.nl\/blog\/wp-json\/wp\/v2\/tags?post=2338"}],"curies":[{"name":"wp","href":"https:\/\/api.w.org\/{rel}","templated":true}]}}